{"id":8428,"date":"2023-03-24T22:22:15","date_gmt":"2023-03-25T01:22:15","guid":{"rendered":"https:\/\/aconteceemmacaeeregiao.com.br\/?p=8428"},"modified":"2023-03-24T22:22:16","modified_gmt":"2023-03-25T01:22:16","slug":"saude-amplia-atendimento-da-vacina-bivalente-contra-covid-19","status":"publish","type":"post","link":"https:\/\/aconteceemmacaeeregiao.com.br\/index.php\/2023\/03\/24\/saude-amplia-atendimento-da-vacina-bivalente-contra-covid-19\/","title":{"rendered":"Sa\u00fade amplia atendimento da vacina bivalente contra Covid-19"},"content":{"rendered":"\n<p>A Secretaria de Sa\u00fade de Maca\u00e9 ampliou o n\u00famero de postos de vacina\u00e7\u00e3o da campanha bivalente contra a Covid-19. As Unidades B\u00e1sicas de Sa\u00fade (UBS) e de Estrat\u00e9gia <a href=\"https:\/\/aconteceemmacaeeregiao.com.br\/?s=sa%C3%BAde\" title=\"Mais sore Sa\u00fade\">Sa\u00fade<\/a> da Fam\u00edlia (ESF) listadas funcionar\u00e3o de segunda a sexta-feira, de 8h \u00e0s 16h, a partir do dia 27.<\/p>\n\n\n\n<p>O p\u00fablico-alvo da campanha s\u00e3o trabalhadores da Sa\u00fade e pessoas com defici\u00eancia permanente ter\u00e3o dias espec\u00edficos, de acordo com a faixa et\u00e1ria, idosos acima de 60 anos, imunossuprimidos (a partir de 12 anos), gestantes e pu\u00e9rperas (mulheres at\u00e9 45 dias ap\u00f3s o parto). A vacina bivalente protege contra a variante \u00d4micron e suas subvariantes.<br><br>De acordo com o calend\u00e1rio de imuniza\u00e7\u00e3o, a partir de segunda-feira (27), podem ser vacinados trabalhadores da sa\u00fade com idade acima de 18 anos. A categoria pode procurar as UBS de segunda a sexta-feira, de 8h \u00e0s 16h, e as unidades de ESF, de ter\u00e7a a quinta, no mesmo hor\u00e1rio.<br><br>Entre os dias 27 e 31, a vacina\u00e7\u00e3o bivalente contra Covid-19 para pessoas com defici\u00eancia permanente seguir\u00e1 um cronograma que ir\u00e1 seguir por faixa et\u00e1ria: segunda-feira (27), 50 anos ou mais; ter\u00e7a-feira (28), 40 anos ou mais; quarta-feira (29), 30 anos ou mais; quinta-feira (30), 20 anos ou mais; sexta-feira (31), 12 anos ou mais. O atendimento ser\u00e1 de segunda a sexta-feira, de 8h \u00e0s 16h, nas UBS e, de ter\u00e7a a quinta, no mesmo hor\u00e1rio, nas unidades de Estrat\u00e9gia Sa\u00fade da Fam\u00edlia.<br><br>Para receber a vacina \u00e9 importante n\u00e3o esquecer os documentos necess\u00e1rios: documento de identifica\u00e7\u00e3o com foto, CPF ou Cart\u00e3o do SUS; comprovante de vacina\u00e7\u00e3o com pelo menos duas doses de vacinas monovalentes contra a Covid-19.<br><br>As gestantes devem levar ainda a caderneta de gestante; as pu\u00e9rperas (mulheres at\u00e9 45 dias ap\u00f3s o parto), a certid\u00e3o de nascimento da crian\u00e7a. A pessoa portadora de defici\u00eancia permanente precisa apresentar tamb\u00e9m o documento que comprove a defici\u00eancia.<br><br>O profissional de sa\u00fade dever\u00e1 apresentar conselho de classe, contracheque ou algum documento que comprove ser profissional de sa\u00fade.<br><br>Os pacientes imunossuprimidos devem apresentar o original e c\u00f3pia do laudo ou atestado m\u00e9dico com nome e indicativo da doen\u00e7a por extenso, al\u00e9m do C\u00f3digo Internacional de Doen\u00e7as (CID), ou receita com prescri\u00e7\u00e3o de uso cont\u00ednuo com data a partir de maio de 2021.<br><br><strong>Polos de vacina\u00e7\u00e3o contra covid-19 &#8211; Segunda a sexta-feira, de 8h \u00e0s 16h<\/strong><\/p>\n\n\n\n<ul class=\"wp-block-list\">\n<li>UBS \u2013 Barramares, Novo Cavaleiros, Aroeira, Morro de Santana, Lagomar;<\/li>\n\n\n\n<li>Sala de vacina do Pronto Socorro Aeroporto e Casa da Vacina;<\/li>\n\n\n\n<li>ESF &#8211; Ajuda A, Barra Bras\u00edlia A\/B, C\u00f3rrego do Ouro A\/B, Fronteira A\/B, Jardim Franco, Lagomar A\/D, Lagomar B\/C, Malvinas A\/C, Nova Esperan\u00e7a A\/B, Nova Holanda A\/B, Sana e Visconde.<\/li>\n<\/ul>\n\n\n\n<p><em>Por Jornalista Genimarta Oliveira\/ Secom pref. de Maca\u00e9<\/em><\/p>\n","protected":false},"excerpt":{"rendered":"<p>A Secretaria de Sa\u00fade de Maca\u00e9 ampliou o n\u00famero de postos de vacina\u00e7\u00e3o da campanha bivalente contra a Covid-19. As Unidades B\u00e1sicas de Sa\u00fade (UBS) e de Estrat\u00e9gia Sa\u00fade da Fam\u00edlia (ESF) listadas funcionar\u00e3o de segunda a sexta-feira, de 8h \u00e0s 16h, a partir do dia 27. O p\u00fablico-alvo da campanha s\u00e3o trabalhadores da Sa\u00fade [&hellip;]<\/p>\n","protected":false},"author":2,"featured_media":8430,"comment_status":"closed","ping_status":"closed","sticky":false,"template":"","format":"standard","meta":{"postBodyCss":"","postBodyMargin":[],"postBodyPadding":[],"postBodyBackground":{"backgroundType":"classic","gradient":""},"footnotes":""},"categories":[136,42],"tags":[137],"class_list":["post-8428","post","type-post","status-publish","format-standard","has-post-thumbnail","hentry","category-covid-19","category-macae","tag-vacina"],"aioseo_notices":[],"_links":{"self":[{"href":"https:\/\/aconteceemmacaeeregiao.com.br\/index.php\/wp-json\/wp\/v2\/posts\/8428","targetHints":{"allow":["GET"]}}],"collection":[{"href":"https:\/\/aconteceemmacaeeregiao.com.br\/index.php\/wp-json\/wp\/v2\/posts"}],"about":[{"href":"https:\/\/aconteceemmacaeeregiao.com.br\/index.php\/wp-json\/wp\/v2\/types\/post"}],"author":[{"embeddable":true,"href":"https:\/\/aconteceemmacaeeregiao.com.br\/index.php\/wp-json\/wp\/v2\/users\/2"}],"replies":[{"embeddable":true,"href":"https:\/\/aconteceemmacaeeregiao.com.br\/index.php\/wp-json\/wp\/v2\/comments?post=8428"}],"version-history":[{"count":0,"href":"https:\/\/aconteceemmacaeeregiao.com.br\/index.php\/wp-json\/wp\/v2\/posts\/8428\/revisions"}],"wp:featuredmedia":[{"embeddable":true,"href":"https:\/\/aconteceemmacaeeregiao.com.br\/index.php\/wp-json\/wp\/v2\/media\/8430"}],"wp:attachment":[{"href":"https:\/\/aconteceemmacaeeregiao.com.br\/index.php\/wp-json\/wp\/v2\/media?parent=8428"}],"wp:term":[{"taxonomy":"category","embeddable":true,"href":"https:\/\/aconteceemmacaeeregiao.com.br\/index.php\/wp-json\/wp\/v2\/categories?post=8428"},{"taxonomy":"post_tag","embeddable":true,"href":"https:\/\/aconteceemmacaeeregiao.com.br\/index.php\/wp-json\/wp\/v2\/tags?post=8428"}],"curies":[{"name":"wp","href":"https:\/\/api.w.org\/{rel}","templated":true}]}}