{"id":8497,"date":"2023-03-27T17:10:19","date_gmt":"2023-03-27T20:10:19","guid":{"rendered":"https:\/\/aconteceemmacaeeregiao.com.br\/?p=8497"},"modified":"2023-03-27T17:10:20","modified_gmt":"2023-03-27T20:10:20","slug":"mais-de-490-oportunidades-de-emprego-em-macae","status":"publish","type":"post","link":"https:\/\/aconteceemmacaeeregiao.com.br\/index.php\/2023\/03\/27\/mais-de-490-oportunidades-de-emprego-em-macae\/","title":{"rendered":"Mais de 490 oportunidades de emprego em Maca\u00e9"},"content":{"rendered":"\n<p>A Prefeitura de <a href=\"https:\/\/aconteceemmacaeeregiao.com.br\/?s=macae\" title=\"Mais not\u00edcias de Maca\u00e9 RJ\">Maca\u00e9<\/a>, por meio da Secretaria Adjunta de Trabalho e Renda, divulga &#8211; nesta segunda-feira (27) &#8211; as vagas de emprego dispon\u00edveis na Central do Trabalhador. Ao todo, s\u00e3o 497 oportunidades para diversos setores como: sa\u00fade, alimenta\u00e7\u00e3o, com\u00e9rcio, est\u00e9tica, petr\u00f3leo e g\u00e1s (onshore e offshore).<\/p>\n\n\n\n<p>Os destaques da semana s\u00e3o para os cargos de almoxarife offshore, com 40 <a href=\"https:\/\/aconteceemmacaeeregiao.com.br\/index.php\/category\/emprego\/\" title=\"Mais vagas de emprego\">vagas<\/a>, caldeireiro (onshore), 30 vagas, caldeireiro escalador N2, 30 vagas, caldeireiro(a) convencional, 20 vagas, caldeireiro(a) escalador (a) N1, 36 vagas, soldador tig \/ er (offshore), 30 vagas, soldador tig \/ er \/ mig \/ at (offshore), 30 vagas, <\/p>\n\n\n\n<p>, 20 vagas, corretor de im\u00f3veis, 10 vagas, plataformista (perfura\u00e7\u00e3o), 12 vagas, entre outras.<br><br>A maioria das vagas exige experi\u00eancia comprovada em carteira de trabalho, cursos espec\u00edficos da \u00e1rea, conhecimento avan\u00e7ado em pacote Office, no\u00e7\u00f5es de redes sociais, al\u00e9m de saber trabalhar em equipe, ter proatividade e dinamismo.<br><br>Os interessados em concorrer \u00e0s vagas podem se dirigir \u00e0 sede da Central do Trabalhador, que funciona no Edif\u00edcio Comercial Lotus, na Avenida Nossa Senhora da Gl\u00f3ria, 1181, Praia Campista, de 8h \u00e0s 17h. Caso n\u00e3o encontre uma vaga que se encaixe no perfil desejado, \u00e9 poss\u00edvel fazer um cadastro de forma online.<br><a href=\"https:\/\/sistemas.macae.rj.gov.br:84\/semtre\/interno\/interno\/muralexterno.php\">Clique e confira a lista completa<\/a>:<br><br>Seguem os links de acesso aos servi\u00e7os da Secretaria de Trabalho e Renda:<br><br>Ao empres\u00e1rio:\u00a0<a href=\"https:\/\/sistemas.macae.rj.gov.br:84\/trabalhoerenda\/\">cadastrar vagas de emprego<\/a>.<br><br>Ao trabalhador:\u00a0<a href=\"https:\/\/sistemas.macae.rj.gov.br:84\/trabalhoerenda\/\">efetuar o cadastro para vagas de emprego<\/a>.<\/p>\n\n\n\n<p><em>Por Jornalista Genimarta Oliveira\/ Secom Pref. de Maca\u00e9<\/em><\/p>\n","protected":false},"excerpt":{"rendered":"<p>A Prefeitura de Maca\u00e9, por meio da Secretaria Adjunta de Trabalho e Renda, divulga &#8211; nesta segunda-feira (27) &#8211; as vagas de emprego dispon\u00edveis na Central do Trabalhador. Ao todo, s\u00e3o 497 oportunidades para diversos setores como: sa\u00fade, alimenta\u00e7\u00e3o, com\u00e9rcio, est\u00e9tica, petr\u00f3leo e g\u00e1s (onshore e offshore). Os destaques da semana s\u00e3o para os cargos [&hellip;]<\/p>\n","protected":false},"author":2,"featured_media":8499,"comment_status":"closed","ping_status":"closed","sticky":false,"template":"","format":"standard","meta":{"postBodyCss":"","postBodyMargin":[],"postBodyPadding":[],"postBodyBackground":{"backgroundType":"classic","gradient":""},"footnotes":""},"categories":[73,42],"tags":[77,82,87],"class_list":["post-8497","post","type-post","status-publish","format-standard","has-post-thumbnail","hentry","category-emprego","category-macae","tag-emprego","tag-oportunidade","tag-vagas"],"aioseo_notices":[],"_links":{"self":[{"href":"https:\/\/aconteceemmacaeeregiao.com.br\/index.php\/wp-json\/wp\/v2\/posts\/8497","targetHints":{"allow":["GET"]}}],"collection":[{"href":"https:\/\/aconteceemmacaeeregiao.com.br\/index.php\/wp-json\/wp\/v2\/posts"}],"about":[{"href":"https:\/\/aconteceemmacaeeregiao.com.br\/index.php\/wp-json\/wp\/v2\/types\/post"}],"author":[{"embeddable":true,"href":"https:\/\/aconteceemmacaeeregiao.com.br\/index.php\/wp-json\/wp\/v2\/users\/2"}],"replies":[{"embeddable":true,"href":"https:\/\/aconteceemmacaeeregiao.com.br\/index.php\/wp-json\/wp\/v2\/comments?post=8497"}],"version-history":[{"count":0,"href":"https:\/\/aconteceemmacaeeregiao.com.br\/index.php\/wp-json\/wp\/v2\/posts\/8497\/revisions"}],"wp:featuredmedia":[{"embeddable":true,"href":"https:\/\/aconteceemmacaeeregiao.com.br\/index.php\/wp-json\/wp\/v2\/media\/8499"}],"wp:attachment":[{"href":"https:\/\/aconteceemmacaeeregiao.com.br\/index.php\/wp-json\/wp\/v2\/media?parent=8497"}],"wp:term":[{"taxonomy":"category","embeddable":true,"href":"https:\/\/aconteceemmacaeeregiao.com.br\/index.php\/wp-json\/wp\/v2\/categories?post=8497"},{"taxonomy":"post_tag","embeddable":true,"href":"https:\/\/aconteceemmacaeeregiao.com.br\/index.php\/wp-json\/wp\/v2\/tags?post=8497"}],"curies":[{"name":"wp","href":"https:\/\/api.w.org\/{rel}","templated":true}]}}