{"id":8553,"date":"2023-03-28T22:35:00","date_gmt":"2023-03-29T01:35:00","guid":{"rendered":"https:\/\/aconteceemmacaeeregiao.com.br\/?p=8553"},"modified":"2023-03-28T22:35:00","modified_gmt":"2023-03-29T01:35:00","slug":"escolas-pelo-clima-abre-inscricoes-gratuitas-para-escolas-publicas-e-particulares","status":"publish","type":"post","link":"https:\/\/aconteceemmacaeeregiao.com.br\/index.php\/2023\/03\/28\/escolas-pelo-clima-abre-inscricoes-gratuitas-para-escolas-publicas-e-particulares\/","title":{"rendered":"Escolas Pelo Clima abre inscri\u00e7\u00f5es gratuitas para escolas p\u00fablicas e particulares"},"content":{"rendered":"\n<p>O Movimento Escolas Pelo Clima (EpC) est\u00e1 com inscri\u00e7\u00f5es abertas para escolas p\u00fablicas e particulares interessadas em trabalhar a educa\u00e7\u00e3o clim\u00e1tica no cotidiano da sala de aula. A iniciativa busca apoiar institui\u00e7\u00f5es de todo o pa\u00eds comprometidas com a busca de solu\u00e7\u00f5es para a emerg\u00eancia clim\u00e1tica.&nbsp;<\/p>\n\n\n\n<p>O EpC disponibiliza gratuitamente curadoria de conte\u00fado em Educa\u00e7\u00e3o Clim\u00e1tica, encontros exclusivos, palestras, forma\u00e7\u00f5es especializadas e visibilidade para as escolas signat\u00e1rias. Anualmente, o Congresso Escolas pelo Clima reconhece as escolas com as melhores a\u00e7\u00f5es clim\u00e1ticas, que recebem um&nbsp; selo e uma premia\u00e7\u00e3o especial.&nbsp;<\/p>\n\n\n\n<p>Para se tornar uma escola&nbsp; signat\u00e1ria, \u00e9 preciso incluir pelo menos uma atividade pedag\u00f3gica para estudantes e uma forma\u00e7\u00e3o de professores na tem\u00e1tica Mudan\u00e7as Clim\u00e1ticas. As inscri\u00e7\u00f5es s\u00e3o gratuitas e podem ser realizadas no site&nbsp;<a href=\"https:\/\/www.reconectta.com\/escolaspeloclima\" target=\"_blank\" rel=\"noreferrer noopener\">https:\/\/www.reconectta.com\/escolaspeloclima<\/a><\/p>\n\n\n\n<p><strong>Sobre o movimento<\/strong><\/p>\n\n\n\n<p>Com mais de 546 escolas signat\u00e1rias, entre p\u00fablicas e particulares, de todo o pa\u00eds e de Portugal, representando mais de 328 mil estudantes e 33 mil educadores, o Movimento Escolas pelo Clima \u00e9 a maior comunidade de escolas comprometidas com a agenda clim\u00e1tica.&nbsp;<\/p>\n\n\n\n<p>A iniciativa \u00e9 gerida pela Reconectta, neg\u00f3cio de impacto social certificado pelo sistema B que atua com educa\u00e7\u00e3o clim\u00e1tica nas escolas.<\/p>\n\n\n\n<p><em>Por Flavia Domingues\/ Assessora de imprensa<\/em><\/p>\n","protected":false},"excerpt":{"rendered":"<p>O Movimento Escolas Pelo Clima (EpC) est\u00e1 com inscri\u00e7\u00f5es abertas para escolas p\u00fablicas e particulares interessadas em trabalhar a educa\u00e7\u00e3o clim\u00e1tica no cotidiano da sala de aula. A iniciativa busca apoiar institui\u00e7\u00f5es de todo o pa\u00eds comprometidas com a busca de solu\u00e7\u00f5es para a emerg\u00eancia clim\u00e1tica.&nbsp; O EpC disponibiliza gratuitamente curadoria de conte\u00fado em Educa\u00e7\u00e3o [&hellip;]<\/p>\n","protected":false},"author":2,"featured_media":8555,"comment_status":"closed","ping_status":"closed","sticky":false,"template":"","format":"standard","meta":{"postBodyCss":"","postBodyMargin":[],"postBodyPadding":[],"postBodyBackground":{"backgroundType":"classic","gradient":""},"footnotes":""},"categories":[61,67],"tags":[298,428,68],"class_list":["post-8553","post","type-post","status-publish","format-standard","has-post-thumbnail","hentry","category-educacao","category-meio-ambiente","tag-brasil","tag-clima","tag-escolas-publicas"],"aioseo_notices":[],"_links":{"self":[{"href":"https:\/\/aconteceemmacaeeregiao.com.br\/index.php\/wp-json\/wp\/v2\/posts\/8553","targetHints":{"allow":["GET"]}}],"collection":[{"href":"https:\/\/aconteceemmacaeeregiao.com.br\/index.php\/wp-json\/wp\/v2\/posts"}],"about":[{"href":"https:\/\/aconteceemmacaeeregiao.com.br\/index.php\/wp-json\/wp\/v2\/types\/post"}],"author":[{"embeddable":true,"href":"https:\/\/aconteceemmacaeeregiao.com.br\/index.php\/wp-json\/wp\/v2\/users\/2"}],"replies":[{"embeddable":true,"href":"https:\/\/aconteceemmacaeeregiao.com.br\/index.php\/wp-json\/wp\/v2\/comments?post=8553"}],"version-history":[{"count":0,"href":"https:\/\/aconteceemmacaeeregiao.com.br\/index.php\/wp-json\/wp\/v2\/posts\/8553\/revisions"}],"wp:featuredmedia":[{"embeddable":true,"href":"https:\/\/aconteceemmacaeeregiao.com.br\/index.php\/wp-json\/wp\/v2\/media\/8555"}],"wp:attachment":[{"href":"https:\/\/aconteceemmacaeeregiao.com.br\/index.php\/wp-json\/wp\/v2\/media?parent=8553"}],"wp:term":[{"taxonomy":"category","embeddable":true,"href":"https:\/\/aconteceemmacaeeregiao.com.br\/index.php\/wp-json\/wp\/v2\/categories?post=8553"},{"taxonomy":"post_tag","embeddable":true,"href":"https:\/\/aconteceemmacaeeregiao.com.br\/index.php\/wp-json\/wp\/v2\/tags?post=8553"}],"curies":[{"name":"wp","href":"https:\/\/api.w.org\/{rel}","templated":true}]}}