{"id":8557,"date":"2023-03-28T22:59:18","date_gmt":"2023-03-29T01:59:18","guid":{"rendered":"https:\/\/aconteceemmacaeeregiao.com.br\/?p=8557"},"modified":"2023-03-28T22:59:18","modified_gmt":"2023-03-29T01:59:18","slug":"moeda-social-pode-facilitar-compras-para-populacao-de-baixa-renda","status":"publish","type":"post","link":"https:\/\/aconteceemmacaeeregiao.com.br\/index.php\/2023\/03\/28\/moeda-social-pode-facilitar-compras-para-populacao-de-baixa-renda\/","title":{"rendered":"<strong>Moeda social pode facilitar compras para popula\u00e7\u00e3o de baixa renda<\/strong>"},"content":{"rendered":"\n<p>O parlamentar Rond Maca\u00e9 (Patriota) obteve aprova\u00e7\u00e3o para um requerimento que sugere ao Executivo implementar a moeda social no munic\u00edpio. A vota\u00e7\u00e3o ocorreu no Legislativo macaense, nesta ter\u00e7a-feira (28). O programa possibilita a pessoas de baixa renda fazerem compras em estabelecimentos, como farm\u00e1cias e supermercados conveniados com a prefeitura.<\/p>\n\n\n\n<p>\u201cCreio que seja uma bandeira de todos nesta Casa, que ir\u00e1 tamb\u00e9m fomentar o com\u00e9rcio da nossa cidade\u201d, defendeu o autor. Alan Mansur (Cidadania) lembrou que a moeda tem tido bons resultados em Maric\u00e1 e que j\u00e1 fez indica\u00e7\u00e3o com o mesmo objetivo. \u201cPenso que se marcarmos uma reuni\u00e3o apresentando a ideia ao prefeito Welberth Rezende (Cidadania), teremos sucesso\u201d.<\/p>\n\n\n\n<p>Iza Vicente (Rede) afirmou que tamb\u00e9m j\u00e1 tinha feito a proposta em plen\u00e1rio. \u201cFico feliz em ver que a C\u00e2mara est\u00e1 preocupada com a pobreza e com o desenvolvimento\u201d. Segundo ela, o novo ciclo de crescimento de Maca\u00e9 tem atra\u00eddo pessoas de outras partes do pa\u00eds. \u201cMas as oportunidades aqui s\u00e3o no mercado offshore, que exige alta qualifica\u00e7\u00e3o, e muita gente fica \u00e0 margem, precisando de uma pol\u00edtica p\u00fablica como essa\u201d.<\/p>\n\n\n\n<p>Amaro Luiz (PRTB) lembrou que em mandato anterior, no ano de 2013, apoiou iniciativa do ex-vereador Igor Sardinha para implanta\u00e7\u00e3o de moeda social. \u201cN\u00e3o foi aprovada porque \u00e9ramos de oposi\u00e7\u00e3o e est\u00e1vamos em minoria. Mas acredito que neste governo ser\u00e1 vista com bons olhos\u201d.<\/p>\n\n\n\n<p><strong>Falta de vagas em creches<\/strong><\/p>\n\n\n\n<p>Outro requerimento aprovado na sess\u00e3o foi de Iza, solicitando ao Executivo informa\u00e7\u00f5es sobre vagas nas creches em tempo integral. Ela mencionou um projeto do governo que come\u00e7ou a tramitar na C\u00e2mara, dando aos Auxiliares de Servi\u00e7os Escolares (ASE) a op\u00e7\u00e3o de aumentarem a carga hor\u00e1ria. \u201c\u00c9 uma forma de solucionar a falta de vagas\u201d, afirmou, considerando que novos alunos s\u00f3 podem ser matriculados se houver os profissionais.<\/p>\n\n\n\n<p>Guto Garcia (PDT) disse que cada ASE abre a possibilidade para receber mais 20 alunos, e informou que a rede municipal recebeu 3,5 mil estudantes neste ano, havendo ainda 460 a serem contemplados. Professor Michel (Patriota) cobrou do governo mais celeridade na realiza\u00e7\u00e3o de concurso p\u00fablico para profissionais da educa\u00e7\u00e3o.<\/p>\n\n\n\n<p><em>Por Jornalista Marcello Riella Benites\/ Secom C\u00e2mara de Vereadores<\/em><\/p>\n","protected":false},"excerpt":{"rendered":"<p>O parlamentar Rond Maca\u00e9 (Patriota) obteve aprova\u00e7\u00e3o para um requerimento que sugere ao Executivo implementar a moeda social no munic\u00edpio. A vota\u00e7\u00e3o ocorreu no Legislativo macaense, nesta ter\u00e7a-feira (28). O programa possibilita a pessoas de baixa renda fazerem compras em estabelecimentos, como farm\u00e1cias e supermercados conveniados com a prefeitura. \u201cCreio que seja uma bandeira de [&hellip;]<\/p>\n","protected":false},"author":2,"featured_media":8565,"comment_status":"closed","ping_status":"closed","sticky":false,"template":"","format":"standard","meta":{"postBodyCss":"","postBodyMargin":[],"postBodyPadding":[],"postBodyBackground":{"backgroundType":"classic","gradient":""},"footnotes":""},"categories":[166],"tags":[94,344,118],"class_list":["post-8557","post","type-post","status-publish","format-standard","has-post-thumbnail","hentry","category-politica-macae","tag-camara-municipal-de-macae","tag-dinheiro","tag-social"],"aioseo_notices":[],"_links":{"self":[{"href":"https:\/\/aconteceemmacaeeregiao.com.br\/index.php\/wp-json\/wp\/v2\/posts\/8557","targetHints":{"allow":["GET"]}}],"collection":[{"href":"https:\/\/aconteceemmacaeeregiao.com.br\/index.php\/wp-json\/wp\/v2\/posts"}],"about":[{"href":"https:\/\/aconteceemmacaeeregiao.com.br\/index.php\/wp-json\/wp\/v2\/types\/post"}],"author":[{"embeddable":true,"href":"https:\/\/aconteceemmacaeeregiao.com.br\/index.php\/wp-json\/wp\/v2\/users\/2"}],"replies":[{"embeddable":true,"href":"https:\/\/aconteceemmacaeeregiao.com.br\/index.php\/wp-json\/wp\/v2\/comments?post=8557"}],"version-history":[{"count":0,"href":"https:\/\/aconteceemmacaeeregiao.com.br\/index.php\/wp-json\/wp\/v2\/posts\/8557\/revisions"}],"wp:featuredmedia":[{"embeddable":true,"href":"https:\/\/aconteceemmacaeeregiao.com.br\/index.php\/wp-json\/wp\/v2\/media\/8565"}],"wp:attachment":[{"href":"https:\/\/aconteceemmacaeeregiao.com.br\/index.php\/wp-json\/wp\/v2\/media?parent=8557"}],"wp:term":[{"taxonomy":"category","embeddable":true,"href":"https:\/\/aconteceemmacaeeregiao.com.br\/index.php\/wp-json\/wp\/v2\/categories?post=8557"},{"taxonomy":"post_tag","embeddable":true,"href":"https:\/\/aconteceemmacaeeregiao.com.br\/index.php\/wp-json\/wp\/v2\/tags?post=8557"}],"curies":[{"name":"wp","href":"https:\/\/api.w.org\/{rel}","templated":true}]}}