{"id":8573,"date":"2023-03-29T17:44:00","date_gmt":"2023-03-29T20:44:00","guid":{"rendered":"https:\/\/aconteceemmacaeeregiao.com.br\/?p=8573"},"modified":"2023-03-29T17:44:01","modified_gmt":"2023-03-29T20:44:01","slug":"macae-sedia-primeira-etapa-da-liga-carioca-de-downhill","status":"publish","type":"post","link":"https:\/\/aconteceemmacaeeregiao.com.br\/index.php\/2023\/03\/29\/macae-sedia-primeira-etapa-da-liga-carioca-de-downhill\/","title":{"rendered":"Maca\u00e9 sedia primeira etapa da Liga Carioca de Downhill"},"content":{"rendered":"\n<p>Maca\u00e9 ser\u00e1 palco da primeira etapa da Liga Carioca de Downhill, que vai acontecer neste domingo (2 de abril), na pista da Usina, no Frade, \u00e0s 8h. O evento receber\u00e1 uma m\u00e9dia de 110 atletas de alto n\u00edvel representantes de todo pa\u00eds. A disputa \u00e9 considerada uma das mais importantes de Mountain Bike (MTB) no cen\u00e1rio nacional e vai abrir a temporada do ranking 2023, contribuindo assim com a expans\u00e3o da cultura da bike a n\u00edvel competitivo. Os treinos iniciar\u00e3o no s\u00e1bado (1\u00ba de abril), \u00e0s 8h. As pr\u00f3ximas etapas est\u00e3o previstas para os dias 17 de abril, em Barra de S\u00e3o Jo\u00e3o, 26 de junho em Nova Friburgo e 9 de outubro, em Mag\u00e9.<\/p>\n\n\n\n<p>A premia\u00e7\u00e3o ser\u00e1 a entrega de medalha de participa\u00e7\u00e3o para todos os inscritos e trof\u00e9us para os cinco primeiros colocados de cada categoria. A competi\u00e7\u00e3o receber\u00e1 atletas conhecidos no MTB como Walace Miranda (categoria elite, SP); Gabriel Miranda (categoria juvenil, SP); Diego Knob (categoria elite, RJ); Caio Vieira (categoria J\u00fanior, RJ); Matheus Montezuma (categoria J\u00fanior, RJ); Bruno Broher (categoria elite, RJ),Matheus Freitas (categoria elite, ES) e Narana (categoria feminino, ES).<br><br>De acordo com o Secret\u00e1rio de Esportes, Marvel, a competi\u00e7\u00e3o na regi\u00e3o serrana \u00e9 de suma import\u00e2ncia com o recebimento de atletas de todo pa\u00eds, que v\u00e3o disputar, se divertir e conhecer a cidade. \u201cO melhor desta etapa \u00e9 que o munic\u00edpio est\u00e1 resgatando a segunda maior pista do pa\u00eds, que estava desativada h\u00e1 dez anos. A pista agora receber\u00e1 a etapa estadual, mas a inten\u00e7\u00e3o \u00e9 sediar o campeonato nacional\u201d, ressalta.<br><br>A Pista da Usina no Frade \u00e9 reconhecida pelos esportistas da \u00e1rea, pois al\u00e9m de atender os protocolos e padr\u00f5es de constru\u00e7\u00f5es de trilhas para modalidade, ela apresenta um visual geogr\u00e1fico e est\u00e9tico de muita peculiaridade trazendo toda a ess\u00eancia da natureza local, associado \u00e0 cultura de regi\u00e3o serrana em esporte de montanha, nesse caso em especial o Mountain Bike (MTB- Downhil).<br><br>Segundo o presidente da Liga Carioca de Downhill, Nestor Vidal, a etapa em Maca\u00e9 representa um momento \u00edmpar. \u201cEste local, que j\u00e1 foi palco de campeonato Brasileiro da modalidade no ano de 2013, \u00e9 muito conhecido e difundido na cena das duas rodas. Hoje, poder trazer \u00e0 ativa uma pista com tanta bagagem, atrav\u00e9s da Liga Carioca, tornou mais que especial essa edi\u00e7\u00e3o, que ser\u00e1 a abertura do ranking da Liga Carioca- 2023\u201d, ressalta.<br><strong>Esporte-<\/strong>\u00a0Vale lembrar que o downhill \u00e9 um esporte que junta muita velocidade a um alto n\u00edvel de precis\u00e3o e controle da bike em pistas cheias de obst\u00e1culos de tirar o f\u00f4lego e o melhor: fazendo jus \u00e0 express\u00e3o \u201cladeira abaixo\u201d.<\/p>\n\n\n\n<p><em>Por Jornalista Joice Trindade\/ Secom Pref. de Maca\u00e9<\/em><\/p>\n","protected":false},"excerpt":{"rendered":"<p>Maca\u00e9 ser\u00e1 palco da primeira etapa da Liga Carioca de Downhill, que vai acontecer neste domingo (2 de abril), na pista da Usina, no Frade, \u00e0s 8h. O evento receber\u00e1 uma m\u00e9dia de 110 atletas de alto n\u00edvel representantes de todo pa\u00eds. A disputa \u00e9 considerada uma das mais importantes de Mountain Bike (MTB) no [&hellip;]<\/p>\n","protected":false},"author":2,"featured_media":8575,"comment_status":"closed","ping_status":"closed","sticky":false,"template":"","format":"standard","meta":{"postBodyCss":"","postBodyMargin":[],"postBodyPadding":[],"postBodyBackground":{"backgroundType":"classic","gradient":""},"footnotes":""},"categories":[6,42],"tags":[429],"class_list":["post-8573","post","type-post","status-publish","format-standard","has-post-thumbnail","hentry","category-esporte","category-macae","tag-downhill"],"aioseo_notices":[],"_links":{"self":[{"href":"https:\/\/aconteceemmacaeeregiao.com.br\/index.php\/wp-json\/wp\/v2\/posts\/8573","targetHints":{"allow":["GET"]}}],"collection":[{"href":"https:\/\/aconteceemmacaeeregiao.com.br\/index.php\/wp-json\/wp\/v2\/posts"}],"about":[{"href":"https:\/\/aconteceemmacaeeregiao.com.br\/index.php\/wp-json\/wp\/v2\/types\/post"}],"author":[{"embeddable":true,"href":"https:\/\/aconteceemmacaeeregiao.com.br\/index.php\/wp-json\/wp\/v2\/users\/2"}],"replies":[{"embeddable":true,"href":"https:\/\/aconteceemmacaeeregiao.com.br\/index.php\/wp-json\/wp\/v2\/comments?post=8573"}],"version-history":[{"count":0,"href":"https:\/\/aconteceemmacaeeregiao.com.br\/index.php\/wp-json\/wp\/v2\/posts\/8573\/revisions"}],"wp:featuredmedia":[{"embeddable":true,"href":"https:\/\/aconteceemmacaeeregiao.com.br\/index.php\/wp-json\/wp\/v2\/media\/8575"}],"wp:attachment":[{"href":"https:\/\/aconteceemmacaeeregiao.com.br\/index.php\/wp-json\/wp\/v2\/media?parent=8573"}],"wp:term":[{"taxonomy":"category","embeddable":true,"href":"https:\/\/aconteceemmacaeeregiao.com.br\/index.php\/wp-json\/wp\/v2\/categories?post=8573"},{"taxonomy":"post_tag","embeddable":true,"href":"https:\/\/aconteceemmacaeeregiao.com.br\/index.php\/wp-json\/wp\/v2\/tags?post=8573"}],"curies":[{"name":"wp","href":"https:\/\/api.w.org\/{rel}","templated":true}]}}