{"id":8648,"date":"2023-03-30T20:03:30","date_gmt":"2023-03-30T23:03:30","guid":{"rendered":"https:\/\/aconteceemmacaeeregiao.com.br\/?p=8648"},"modified":"2023-03-30T20:08:25","modified_gmt":"2023-03-30T23:08:25","slug":"aniversario-de-10-anos-do-shopping-park-lagos-com-shows-de-pericles-e-vitinho","status":"publish","type":"post","link":"https:\/\/aconteceemmacaeeregiao.com.br\/index.php\/2023\/03\/30\/aniversario-de-10-anos-do-shopping-park-lagos-com-shows-de-pericles-e-vitinho\/","title":{"rendered":"Anivers\u00e1rio de 10 anos do Shopping Park Lagos, <strong>com shows de P\u00e9ricles e Vitinho<\/strong>\u00a0"},"content":{"rendered":"\n<p>O m\u00eas de abril come\u00e7a animado no Shopping Park Lagos, em Cabo Frio, com shows dos cantores P\u00e9ricles e Vitinho, no dia 02 (domingo); e de F\u00e1bio Jr no dia 15 (s\u00e1bado). Os ingressos j\u00e1 est\u00e3o \u00e0 venda no site\u00a0<a href=\"http:\/\/www.guicheweb.com.br\/\" target=\"_blank\" rel=\"noreferrer noopener\">www.guicheweb.com.br<\/a>\u00a0e tamb\u00e9m nas lojas South e no Tr\u00f3ia Bar. Os bilhetes custam a partir de R$ 60 (P\u00e9ricles &amp; Vitinho) e a partir de R$ 80 (F\u00e1bio Jr).<\/p>\n\n\n\n<p>Os port\u00f5es ser\u00e3o abertos \u00e0s 15h (P\u00e9ricles &amp; Vitinho) e \u00e0s 18h (F\u00e1bio Jr) e, antes dos shows, bandas de abertura esquentam o p\u00fablico. As festas fazem parte das comemora\u00e7\u00f5es do anivers\u00e1rio de dez anos do Shopping Park Lagos, a serem completados em dezembro de 2023.<\/p>\n\n\n\n<p><strong><u>Show P\u00e9ricles &amp; Vitinho<\/u><\/strong><\/p>\n\n\n\n<p><strong>Data:<\/strong>&nbsp;02 de abril &#8211; domingo<\/p>\n\n\n\n<p><strong>Abertura dos port\u00f5es:<\/strong>&nbsp;15h<\/p>\n\n\n\n<p><strong>Local:<\/strong>&nbsp;Estacionamento do Shopping Park Lagos<\/p>\n\n\n\n<p><strong>Ingressos: &nbsp;<\/strong><\/p>\n\n\n\n<p>. A partir de R$ 60<\/p>\n\n\n\n<p>. Vendas:&nbsp;<a href=\"http:\/\/www.guicheweb.com.br\/\" target=\"_blank\" rel=\"noreferrer noopener\">www.guicheweb.com.br<\/a>, lojas South e Tr\u00f3ia Bar<\/p>\n\n\n\n<p><strong><u>Show F\u00e1bio Jr<\/u><\/strong><\/p>\n\n\n\n<p><strong>Data:<\/strong>&nbsp;15 de abril \u2013 s\u00e1bado<\/p>\n\n\n\n<p><strong>Abertura dos port\u00f5es:<\/strong>&nbsp;18h<\/p>\n\n\n\n<p><strong>Local:<\/strong>&nbsp;Estacionamento do Shopping Park Lagos<\/p>\n\n\n\n<p><strong>Ingressos: &nbsp;<\/strong><\/p>\n\n\n\n<p>. A partir de R$ 80<\/p>\n\n\n\n<p>. Vendas:&nbsp;<a href=\"http:\/\/www.guicheweb.com.br\/\" target=\"_blank\" rel=\"noreferrer noopener\">www.guicheweb.com.br<\/a>, lojas South e Tr\u00f3ia Bar<\/p>\n\n\n\n<p><a><strong>Shopping Park Lagos<\/strong><\/a><\/p>\n\n\n\n<p>Av. Henrique Terra, 1.700 \u2013 Portinho &#8211; Cabo Frio<\/p>\n\n\n\n<p>Tel: (22) 3058-0330<\/p>\n\n\n\n<p>Whatsapp: (22) 9-9211-8540 (somente mensagens de texto)<\/p>\n\n\n\n<p><a href=\"http:\/\/www.shoppingparklagos.com.br\/\" target=\"_blank\" rel=\"noreferrer noopener\">www.shoppingparklagos.com.br<\/a><\/p>\n\n\n\n<p>Instagram: @parklagos<\/p>\n\n\n\n<p>Facebook: \/<a href=\"https:\/\/www.facebook.com\/shoppingparklagos\" target=\"_blank\" rel=\"noreferrer noopener\">shoppingparklagos<\/a><\/p>\n\n\n\n<p><strong>Hor\u00e1rios de Funcionamento<\/strong><\/p>\n\n\n\n<p><strong><em>Lojas e quiosques:<\/em><\/strong><\/p>\n\n\n\n<p>Segunda a s\u00e1bado, das 10h \u00e0s 22h<\/p>\n\n\n\n<p>Domingo, das 13h \u00e0s 21h<\/p>\n\n\n\n<p><strong><em>Pra\u00e7a de Alimenta\u00e7\u00e3o:<\/em><\/strong><\/p>\n\n\n\n<p>Segunda a s\u00e1bado, das 10h \u00e0s 22h<\/p>\n\n\n\n<p>Domingo, das 12h \u00e0s 22h<\/p>\n\n\n\n<p><strong><em>Supermarket:<\/em><\/strong><\/p>\n\n\n\n<p>Segunda a s\u00e1bado, das 8h \u00e0s 22h<\/p>\n\n\n\n<p>Domingo, das 10h \u00e0s 21h<\/p>\n\n\n\n<p><em>Por Gracie Croce\/ Ascom<\/em> <em>Shopping Park Lagos<\/em><\/p>\n","protected":false},"excerpt":{"rendered":"<p>O m\u00eas de abril come\u00e7a animado no Shopping Park Lagos, em Cabo Frio, com shows dos cantores P\u00e9ricles e Vitinho, no dia 02 (domingo); e de F\u00e1bio Jr no dia 15 (s\u00e1bado). Os ingressos j\u00e1 est\u00e3o \u00e0 venda no site\u00a0www.guicheweb.com.br\u00a0e tamb\u00e9m nas lojas South e no Tr\u00f3ia Bar. Os bilhetes custam a partir de R$ [&hellip;]<\/p>\n","protected":false},"author":2,"featured_media":8650,"comment_status":"closed","ping_status":"closed","sticky":false,"template":"","format":"standard","meta":{"postBodyCss":"","postBodyMargin":[],"postBodyPadding":[],"postBodyBackground":{"backgroundType":"classic","gradient":""},"footnotes":""},"categories":[155,200,43],"tags":[438,289,90],"class_list":["post-8648","post","type-post","status-publish","format-standard","has-post-thumbnail","hentry","category-cabo-frio","category-evento","category-regiao","tag-aniversario","tag-shopping-park-lagos","tag-shows"],"aioseo_notices":[],"_links":{"self":[{"href":"https:\/\/aconteceemmacaeeregiao.com.br\/index.php\/wp-json\/wp\/v2\/posts\/8648","targetHints":{"allow":["GET"]}}],"collection":[{"href":"https:\/\/aconteceemmacaeeregiao.com.br\/index.php\/wp-json\/wp\/v2\/posts"}],"about":[{"href":"https:\/\/aconteceemmacaeeregiao.com.br\/index.php\/wp-json\/wp\/v2\/types\/post"}],"author":[{"embeddable":true,"href":"https:\/\/aconteceemmacaeeregiao.com.br\/index.php\/wp-json\/wp\/v2\/users\/2"}],"replies":[{"embeddable":true,"href":"https:\/\/aconteceemmacaeeregiao.com.br\/index.php\/wp-json\/wp\/v2\/comments?post=8648"}],"version-history":[{"count":0,"href":"https:\/\/aconteceemmacaeeregiao.com.br\/index.php\/wp-json\/wp\/v2\/posts\/8648\/revisions"}],"wp:featuredmedia":[{"embeddable":true,"href":"https:\/\/aconteceemmacaeeregiao.com.br\/index.php\/wp-json\/wp\/v2\/media\/8650"}],"wp:attachment":[{"href":"https:\/\/aconteceemmacaeeregiao.com.br\/index.php\/wp-json\/wp\/v2\/media?parent=8648"}],"wp:term":[{"taxonomy":"category","embeddable":true,"href":"https:\/\/aconteceemmacaeeregiao.com.br\/index.php\/wp-json\/wp\/v2\/categories?post=8648"},{"taxonomy":"post_tag","embeddable":true,"href":"https:\/\/aconteceemmacaeeregiao.com.br\/index.php\/wp-json\/wp\/v2\/tags?post=8648"}],"curies":[{"name":"wp","href":"https:\/\/api.w.org\/{rel}","templated":true}]}}