{"id":8652,"date":"2023-03-30T20:21:28","date_gmt":"2023-03-30T23:21:28","guid":{"rendered":"https:\/\/aconteceemmacaeeregiao.com.br\/?p=8652"},"modified":"2023-03-30T20:21:28","modified_gmt":"2023-03-30T23:21:28","slug":"30-anos-de-anitta-show-das-poderosas-e-a-mais-tocadas-em-10-anos","status":"publish","type":"post","link":"https:\/\/aconteceemmacaeeregiao.com.br\/index.php\/2023\/03\/30\/30-anos-de-anitta-show-das-poderosas-e-a-mais-tocadas-em-10-anos\/","title":{"rendered":"30 anos de Anitta: &#8220;Show das poderosas&#8221; \u00e9 a mais tocadas em 10 anos"},"content":{"rendered":"\n<p><strong><em>Levantamento aponta curiosidades nos dados musicais da artista entre suas m\u00fasicas mais regravadas e mais tocadas na \u00faltima d\u00e9cada\u00a0<\/em>\u00a0\u00a0<\/strong><\/p>\n\n\n\n<p>Os 30 anos de Anitta ser\u00e3o festejados nesta quinta-feira, dia 30, e algumas curiosidades sobre a artista foram reveladas por um estudo feito pelo Ecad (Escrit\u00f3rio Central de Arrecada\u00e7\u00e3o Distribui\u00e7\u00e3o) sobre os seus dados musicais no Brasil. &nbsp;<\/p>\n\n\n\n<p>Um dos destaques foi \u201cShow das poderosas\u201d, que ficou na lideran\u00e7a do ranking das suas m\u00fasicas mais regravadas e no ranking das mais tocadas no pa\u00eds nos \u00faltimos 10 anos. A can\u00e7\u00e3o foi lan\u00e7ada em 2013 no disco de estreia da cantora.&nbsp;&nbsp;&nbsp;<\/p>\n\n\n\n<p>Anitta tem 184 obras musicais e 835 grava\u00e7\u00f5es cadastradas&nbsp;na gest\u00e3o coletiva&nbsp;at\u00e9 o momento. As obras musicais s\u00e3o as suas composi\u00e7\u00f5es, com letra e\/ou melodia. J\u00e1 as grava\u00e7\u00f5es s\u00e3o registros de obras musicais disponibilizadas de forma digital (como no streaming) ou em suporte f\u00edsico (como um DVD). Com isso, uma mesma obra musical pode ter diferentes grava\u00e7\u00f5es, como, por exemplo, a original, uma vers\u00e3o ac\u00fastica ou um show gravado para um DVD.&nbsp;&nbsp;<\/p>\n\n\n\n<p>Com uma carreira de sucesso no Brasil e no exterior, Anitta tem garantidos os seus direitos autorais de execu\u00e7\u00e3o p\u00fablica no pa\u00eds por meio do trabalho de arrecada\u00e7\u00e3o e distribui\u00e7\u00e3o realizado pelo Ecad. Por ser filiada \u00e0 gest\u00e3o coletiva da m\u00fasica, a cantora recebe os seus rendimentos&nbsp;mantendo&nbsp;os seus dados musicais atualizados, o que permite que suas can\u00e7\u00f5es sejam identificadas e captadas pelo Ecad em emissoras de r\u00e1dios e TVs, estabelecimentos comerciais, plataformas digitais e outros locais de frequ\u00eancia coletiva, em que o pagamento pelo licenciamento musical \u00e9 garantido por lei. &nbsp;&nbsp;&nbsp;<\/p>\n\n\n\n<p>J\u00e1 quando as suas m\u00fasicas tocam no exterior, a cobran\u00e7a dos direitos autorais de execu\u00e7\u00e3o p\u00fablica \u00e9 feita por meio&nbsp;da associa\u00e7\u00e3o&nbsp;musical de cada pa\u00eds, que atua de acordo com as leis e regras locais. Anitta tem seus direitos garantidos porque a associa\u00e7\u00e3o brasileira \u00e0 qual \u00e9 filiada tem contrato de representa\u00e7\u00e3o ou reciprocidade com&nbsp;sociedades cong\u00eaneres&nbsp;estrangeiras. \u00c9 por&nbsp;meio de&nbsp;sua associa\u00e7\u00e3o&nbsp;brasileira&nbsp;que a artista recebe diretamente os seus rendimentos, sem passar pelo Ecad.&nbsp;&nbsp;&nbsp;<\/p>\n\n\n\n<p><strong>Ranking das m\u00fasicas de autoria de Anitta mais tocadas nos \u00faltimos 10 anos nos segmentos de execu\u00e7\u00e3o p\u00fablica<\/strong>&nbsp;(R\u00e1dio, Shows, Sonoriza\u00e7\u00e3o Ambiental, M\u00fasica ao vivo, Casas de Festas e Divers\u00e3o, Carnaval, Festa Junina)&nbsp;&nbsp;<\/p>\n\n\n\n<figure class=\"wp-block-table\"><table><tbody><tr><td><strong>Posi\u00e7\u00e3o&nbsp;<\/strong>&nbsp;<\/td><td><strong>M\u00fasica&nbsp;<\/strong>&nbsp;<\/td><td><strong>Autores&nbsp;<\/strong>&nbsp;<\/td><\/tr><tr><td>1&nbsp;&nbsp;<\/td><td>Show das poderosas&nbsp;&nbsp;<\/td><td>Anitta&nbsp;&nbsp;<\/td><\/tr><tr><td>2&nbsp;&nbsp;<\/td><td>Bang&nbsp;&nbsp;<\/td><td>Umberto Tavares \/ Anitta \/ Jefferson Junior&nbsp;&nbsp;<\/td><\/tr><tr><td>3&nbsp;&nbsp;<\/td><td>Zen&nbsp;&nbsp;<\/td><td>Umberto Tavares \/ Anitta \/ Jefferson Junior&nbsp;&nbsp;<\/td><\/tr><tr><td>4&nbsp;&nbsp;<\/td><td>Vai malandra&nbsp;&nbsp;<\/td><td>Tropkillaz \/ Dj Yuri \/ Brandon Michael Green \/ Anitta \/ Mc Zaac \/ Ze Gonzales&nbsp;&nbsp;<\/td><\/tr><tr><td>5&nbsp;&nbsp;<\/td><td>Paradinha&nbsp;&nbsp;<\/td><td>Umberto Tavares \/ Anitta \/ Jefferson Junior&nbsp;&nbsp;<\/td><\/tr><tr><td>6&nbsp;&nbsp;<\/td><td>Medicina&nbsp;&nbsp;<\/td><td>Anitta \/ Mauricio Reglero \/ Jon Leone \/ Mario Alberto Caceres \/ Andy Clay Cruz Felipe&nbsp;&nbsp;<\/td><\/tr><tr><td>7&nbsp;&nbsp;<\/td><td>N\u00e3o para&nbsp;&nbsp;<\/td><td>Anitta&nbsp;&nbsp;<\/td><\/tr><tr><td>8&nbsp;&nbsp;<\/td><td>Bl\u00e1 bl\u00e1 bl\u00e1&nbsp;&nbsp;<\/td><td>Umberto Tavares \/ Anitta \/ Jefferson Junior&nbsp;&nbsp;<\/td><\/tr><tr><td>9&nbsp;&nbsp;<\/td><td>Ritmo perfeito&nbsp;&nbsp;<\/td><td>Umberto Tavares \/ Anitta \/ Jefferson Junior&nbsp;&nbsp;<\/td><\/tr><tr><td>10&nbsp;&nbsp;<\/td><td>Meiga e abusada&nbsp;&nbsp;<\/td><td>Anitta \/ Jefferson Junior \/ R. Araujo&nbsp;&nbsp;<\/td><\/tr><\/tbody><\/table><\/figure>\n\n\n\n<p><strong>Top 5 das m\u00fasicas de autoria de Anitta mais regravadas&nbsp;<\/strong>&nbsp;<\/p>\n\n\n\n<figure class=\"wp-block-table\"><table><tbody><tr><td><strong>Posi\u00e7\u00e3o&nbsp;<\/strong>&nbsp;<\/td><td><strong>M\u00fasica&nbsp;<\/strong>&nbsp;<\/td><td><strong>Autores&nbsp;<\/strong>&nbsp;<\/td><\/tr><tr><td>1&nbsp;&nbsp;<\/td><td>Show das poderosas&nbsp;&nbsp;<\/td><td>Anitta&nbsp;&nbsp;<\/td><\/tr><tr><td>2&nbsp;&nbsp;<\/td><td>Bang&nbsp;&nbsp;<\/td><td>Umberto Tavares \/ Anitta \/ Jefferson Junior&nbsp;&nbsp;<\/td><\/tr><tr><td>3<\/td><td>Me gusta (with Cardi B &amp; Myke Towers)&nbsp;&nbsp;<\/td><td>Carolina Isabel \/ Ryan Tedder \/ Anitta \/ Cardi B \/ Rdd \/ Chibatinha \/ Michael Monge \/ Andres Torres \/ Benito Garcia \/ Mauricio Renigiro&nbsp;&nbsp;<\/td><\/tr><tr><td>3&nbsp;&nbsp;<\/td><td>Bl\u00e1 bl\u00e1 bl\u00e1&nbsp;&nbsp;<\/td><td>Umberto Tavares \/ Anitta \/ Jefferson Junior&nbsp;&nbsp;<\/td><\/tr><tr><td>4&nbsp;&nbsp;<\/td><td>Zen&nbsp;&nbsp;<\/td><td>Umberto Tavares \/ Anitta \/ Jefferson Junior&nbsp;&nbsp;<\/td><\/tr><tr><td>4<\/td><td>Vai malandra<\/td><td>Tropkillaz \/ Dj Yuri \/ Brandon Michael Green \/ Anitta \/ Mc Zaac \/ Ze Gonzales&nbsp;&nbsp;<\/td><\/tr><tr><td>5&nbsp;&nbsp;<\/td><td>N\u00e3o para&nbsp;&nbsp;<\/td><td>Anitta&nbsp;&nbsp;<\/td><\/tr><tr><td>5<\/td><td>Ritmo perfeito&nbsp;<\/td><td>Umberto Tavares \/ Anitta \/ Jefferson Junior&nbsp;<\/td><\/tr><\/tbody><\/table><\/figure>\n\n\n\n<p><em>Por site do Ecad<\/em><\/p>\n","protected":false},"excerpt":{"rendered":"<p>Levantamento aponta curiosidades nos dados musicais da artista entre suas m\u00fasicas mais regravadas e mais tocadas na \u00faltima d\u00e9cada\u00a0\u00a0\u00a0 Os 30 anos de Anitta ser\u00e3o festejados nesta quinta-feira, dia 30, e algumas curiosidades sobre a artista foram reveladas por um estudo feito pelo Ecad (Escrit\u00f3rio Central de Arrecada\u00e7\u00e3o Distribui\u00e7\u00e3o) sobre os seus dados musicais no [&hellip;]<\/p>\n","protected":false},"author":2,"featured_media":8654,"comment_status":"closed","ping_status":"closed","sticky":false,"template":"","format":"standard","meta":{"postBodyCss":"","postBodyMargin":[],"postBodyPadding":[],"postBodyBackground":{"backgroundType":"classic","gradient":""},"footnotes":""},"categories":[46],"tags":[439,66],"class_list":["post-8652","post","type-post","status-publish","format-standard","has-post-thumbnail","hentry","category-diversao","tag-entretenimento","tag-musica"],"aioseo_notices":[],"_links":{"self":[{"href":"https:\/\/aconteceemmacaeeregiao.com.br\/index.php\/wp-json\/wp\/v2\/posts\/8652","targetHints":{"allow":["GET"]}}],"collection":[{"href":"https:\/\/aconteceemmacaeeregiao.com.br\/index.php\/wp-json\/wp\/v2\/posts"}],"about":[{"href":"https:\/\/aconteceemmacaeeregiao.com.br\/index.php\/wp-json\/wp\/v2\/types\/post"}],"author":[{"embeddable":true,"href":"https:\/\/aconteceemmacaeeregiao.com.br\/index.php\/wp-json\/wp\/v2\/users\/2"}],"replies":[{"embeddable":true,"href":"https:\/\/aconteceemmacaeeregiao.com.br\/index.php\/wp-json\/wp\/v2\/comments?post=8652"}],"version-history":[{"count":0,"href":"https:\/\/aconteceemmacaeeregiao.com.br\/index.php\/wp-json\/wp\/v2\/posts\/8652\/revisions"}],"wp:featuredmedia":[{"embeddable":true,"href":"https:\/\/aconteceemmacaeeregiao.com.br\/index.php\/wp-json\/wp\/v2\/media\/8654"}],"wp:attachment":[{"href":"https:\/\/aconteceemmacaeeregiao.com.br\/index.php\/wp-json\/wp\/v2\/media?parent=8652"}],"wp:term":[{"taxonomy":"category","embeddable":true,"href":"https:\/\/aconteceemmacaeeregiao.com.br\/index.php\/wp-json\/wp\/v2\/categories?post=8652"},{"taxonomy":"post_tag","embeddable":true,"href":"https:\/\/aconteceemmacaeeregiao.com.br\/index.php\/wp-json\/wp\/v2\/tags?post=8652"}],"curies":[{"name":"wp","href":"https:\/\/api.w.org\/{rel}","templated":true}]}}