{"id":8659,"date":"2023-03-31T19:33:27","date_gmt":"2023-03-31T22:33:27","guid":{"rendered":"https:\/\/aconteceemmacaeeregiao.com.br\/?p=8659"},"modified":"2023-03-31T19:35:26","modified_gmt":"2023-03-31T22:35:26","slug":"condetur-reune-representantes-da-costa-do-sol-em-buzios","status":"publish","type":"post","link":"https:\/\/aconteceemmacaeeregiao.com.br\/index.php\/2023\/03\/31\/condetur-reune-representantes-da-costa-do-sol-em-buzios\/","title":{"rendered":"CONDETUR re\u00fane representantes da Costa do Sol em B\u00fazios"},"content":{"rendered":"\n<p>O Conselho Regional de Turismo da Costa do Sol (CONDETUR), realizou na \u00faltima quarta-feira, dia 29, a Assembleia Geral Ordin\u00e1ria, na sede da secretaria de Turismo, em Arma\u00e7\u00e3o dos B\u00fazios. O encontro contou com a presen\u00e7a de representantes das entidades p\u00fablicas e privadas, que pertencem \u00e0s 13 cidades que formam a <a href=\"https:\/\/aconteceemmacaeeregiao.com.br\/?s=buzios\" title=\"Not\u00edcas de B\u00fazios e regi\u00e3o\">regi\u00e3o Costa do Sol<\/a>, al\u00e9m da presen\u00e7a do prefeito do balne\u00e1rio, Alexandre Martins.<\/p>\n\n\n\n<p>No encontro, o presidente do CONDETUR, Marco Navega, refor\u00e7ou a import\u00e2ncia da uni\u00e3o dos munic\u00edpios para o fortalecimento do turismo da regi\u00e3o. \u201cSomos uma regi\u00e3o privilegiada, com destinos tur\u00edsticos consolidados e que precisa ter um maior investimento do Minist\u00e9rio do Turismo e, somando nossas for\u00e7as aumentamos nosso potencial para buscar verbas para promover e estruturar o turismo nos munic\u00edpios\u201d, destacou Navega.<\/p>\n\n\n<div class=\"wp-block-image\">\n<figure class=\"alignleft size-large is-resized\"><img fetchpriority=\"high\" decoding=\"async\" src=\"https:\/\/aconteceemmacaeeregiao.com.br\/wp-content\/uploads\/2023\/03\/WhatsApp-Image-2023-03-31-at-17.05.05-1024x802.jpeg\" alt=\"\" class=\"wp-image-8666\" width=\"378\" height=\"295\"\/><\/figure>\n<\/div>\n\n\n<p>O vice-presidente Privado do CONDETUR e presidente do Sindicato de Hot\u00e9is, Restaurante, Bares e Similares de Arma\u00e7\u00e3o dos B\u00fazios (SindSol), Thomas Weber, apresentou demandas que em breve ser\u00e3o levadas a Ministra do Turismo, Daniela Carneiro, como a solicita\u00e7\u00e3o do refor\u00e7o na seguran\u00e7a, no trecho Itabora\u00ed-Manilha. \u201cEssa luta \u00e9 antiga, algumas a\u00e7\u00f5es foram realizadas para intensificar a seguran\u00e7a na localidade, mas ainda enfrentamos s\u00e9rios problemas nesse local, e vamos continuar buscando melhorias\u201d, enfatizou Thomas.<\/p>\n\n\n\n<p>Arnaldo Matoso, vice-presidente P\u00fablico do CONDETUR e secret\u00e1rio de Desenvolvimento Econ\u00f4mico, Trabalho e Turismo de Quissam\u00e3 trouxe a proposta de apoio ao GeoParque Cost\u00f5es e Lagunas do Estado do Rio de Janeiro com o objetivo somar junto a UNESCO neste projeto.<\/p>\n\n\n\n<p>J\u00e1 o prefeito, Alexandre Martins, ressaltou a import\u00e2ncia dos eventos para impulsionar o turismo em B\u00fazios. \u201cB\u00fazios est\u00e1 conseguindo cumprir com o calend\u00e1rio de eventos, que j\u00e1 est\u00e1 em seu segundo ano. A arrecada\u00e7\u00e3o de fonte zero do munic\u00edpio aumentou, desde o primeiro ano que come\u00e7amos o calend\u00e1rio de eventos. \u00c9 devido ao turismo que existem ruas sendo asfaltadas em B\u00fazios e escolas passando por adequa\u00e7\u00f5es prediais, porque esse tipo de servi\u00e7o \u00e9 pago com recursos pr\u00f3prios\u201d, disse o prefeito.<\/p>\n\n\n<div class=\"wp-block-image\">\n<figure class=\"alignright size-large is-resized\"><img decoding=\"async\" data-src=\"https:\/\/aconteceemmacaeeregiao.com.br\/wp-content\/uploads\/2023\/03\/WhatsApp-Image-2023-03-31-at-17.05.06-1024x768.jpeg\" alt=\"\" class=\"wp-image-8665 lazyload\" width=\"402\" height=\"301\" src=\"data:image\/svg+xml;base64,PHN2ZyB3aWR0aD0iMSIgaGVpZ2h0PSIxIiB4bWxucz0iaHR0cDovL3d3dy53My5vcmcvMjAwMC9zdmciPjwvc3ZnPg==\" style=\"--smush-placeholder-width: 402px; --smush-placeholder-aspect-ratio: 402\/301;\" \/><\/figure>\n<\/div>\n\n\n<p>Na reuni\u00e3o tamb\u00e9m foi debatida a participa\u00e7\u00e3o dos munic\u00edpios na ABAV-RJ, enquanto regi\u00e3o, para intensificar a sinergia entre os munic\u00edpios e atrair ainda mais turistas para os munic\u00edpios. \u201cEstamos fazendo essa for\u00e7a tarefa para intensificar a promo\u00e7\u00e3o dos destinos tur\u00edsticos da Costa do Sol\u201d, destacou Marco.<\/p>\n\n\n\n<p>Durante a assembleia tamb\u00e9m foi apresentado o novo portal do CONDETUR (<a href=\"https:\/\/costadosol.rio.br\/site\/index.php\" title=\"\">www.costadosol.rio.br<\/a>) que est\u00e1 mais moderno e interativo para que sejam apresentados os atrativos tur\u00edsticos de cada munic\u00edpio. Ainda na reuni\u00e3o foi aprovada, por unanimidade, junto aos conselheiros a presta\u00e7\u00e3o de contas referente ao ano de 2022.<\/p>\n\n\n<div class=\"wp-block-image\">\n<figure class=\"aligncenter size-large\"><img decoding=\"async\" width=\"768\" height=\"1024\" data-src=\"https:\/\/aconteceemmacaeeregiao.com.br\/wp-content\/uploads\/2023\/03\/WhatsApp-Image-2023-03-31-at-17.05.06-2-e1680301642303-768x1024.jpeg\" alt=\"\" class=\"wp-image-8663 lazyload\" src=\"data:image\/svg+xml;base64,PHN2ZyB3aWR0aD0iMSIgaGVpZ2h0PSIxIiB4bWxucz0iaHR0cDovL3d3dy53My5vcmcvMjAwMC9zdmciPjwvc3ZnPg==\" style=\"--smush-placeholder-width: 768px; --smush-placeholder-aspect-ratio: 768\/1024;\" \/><\/figure>\n<\/div>\n\n<div class=\"wp-block-image\">\n<figure class=\"aligncenter size-large\"><img decoding=\"async\" width=\"1024\" height=\"768\" data-src=\"https:\/\/aconteceemmacaeeregiao.com.br\/wp-content\/uploads\/2023\/03\/WhatsApp-Image-2023-03-31-at-17.05.07-1024x768.jpeg\" alt=\"\" class=\"wp-image-8662 lazyload\" src=\"data:image\/svg+xml;base64,PHN2ZyB3aWR0aD0iMSIgaGVpZ2h0PSIxIiB4bWxucz0iaHR0cDovL3d3dy53My5vcmcvMjAwMC9zdmciPjwvc3ZnPg==\" style=\"--smush-placeholder-width: 1024px; --smush-placeholder-aspect-ratio: 1024\/768;\" \/><\/figure>\n<\/div>\n\n<div class=\"wp-block-image\">\n<figure class=\"aligncenter size-large\"><img decoding=\"async\" width=\"1024\" height=\"856\" data-src=\"https:\/\/aconteceemmacaeeregiao.com.br\/wp-content\/uploads\/2023\/03\/WhatsApp-Image-2023-03-31-at-17.05.07-1-1024x856.jpeg\" alt=\"\" class=\"wp-image-8661 lazyload\" src=\"data:image\/svg+xml;base64,PHN2ZyB3aWR0aD0iMSIgaGVpZ2h0PSIxIiB4bWxucz0iaHR0cDovL3d3dy53My5vcmcvMjAwMC9zdmciPjwvc3ZnPg==\" style=\"--smush-placeholder-width: 1024px; --smush-placeholder-aspect-ratio: 1024\/856;\" \/><\/figure>\n<\/div>","protected":false},"excerpt":{"rendered":"<p>O Conselho Regional de Turismo da Costa do Sol (CONDETUR), realizou na \u00faltima quarta-feira, dia 29, a Assembleia Geral Ordin\u00e1ria, na sede da secretaria de Turismo, em Arma\u00e7\u00e3o dos B\u00fazios. O encontro contou com a presen\u00e7a de representantes das entidades p\u00fablicas e privadas, que pertencem \u00e0s 13 cidades que formam a regi\u00e3o Costa do Sol, [&hellip;]<\/p>\n","protected":false},"author":2,"featured_media":8664,"comment_status":"closed","ping_status":"closed","sticky":false,"template":"","format":"standard","meta":{"postBodyCss":"","postBodyMargin":[],"postBodyPadding":[],"postBodyBackground":{"backgroundType":"classic","gradient":""},"footnotes":""},"categories":[168,45,43],"tags":[440,426,225],"class_list":["post-8659","post","type-post","status-publish","format-standard","has-post-thumbnail","hentry","category-buzios","category-economia","category-regiao","tag-costa-do-sol","tag-prefeito","tag-turismo"],"aioseo_notices":[],"_links":{"self":[{"href":"https:\/\/aconteceemmacaeeregiao.com.br\/index.php\/wp-json\/wp\/v2\/posts\/8659","targetHints":{"allow":["GET"]}}],"collection":[{"href":"https:\/\/aconteceemmacaeeregiao.com.br\/index.php\/wp-json\/wp\/v2\/posts"}],"about":[{"href":"https:\/\/aconteceemmacaeeregiao.com.br\/index.php\/wp-json\/wp\/v2\/types\/post"}],"author":[{"embeddable":true,"href":"https:\/\/aconteceemmacaeeregiao.com.br\/index.php\/wp-json\/wp\/v2\/users\/2"}],"replies":[{"embeddable":true,"href":"https:\/\/aconteceemmacaeeregiao.com.br\/index.php\/wp-json\/wp\/v2\/comments?post=8659"}],"version-history":[{"count":0,"href":"https:\/\/aconteceemmacaeeregiao.com.br\/index.php\/wp-json\/wp\/v2\/posts\/8659\/revisions"}],"wp:featuredmedia":[{"embeddable":true,"href":"https:\/\/aconteceemmacaeeregiao.com.br\/index.php\/wp-json\/wp\/v2\/media\/8664"}],"wp:attachment":[{"href":"https:\/\/aconteceemmacaeeregiao.com.br\/index.php\/wp-json\/wp\/v2\/media?parent=8659"}],"wp:term":[{"taxonomy":"category","embeddable":true,"href":"https:\/\/aconteceemmacaeeregiao.com.br\/index.php\/wp-json\/wp\/v2\/categories?post=8659"},{"taxonomy":"post_tag","embeddable":true,"href":"https:\/\/aconteceemmacaeeregiao.com.br\/index.php\/wp-json\/wp\/v2\/tags?post=8659"}],"curies":[{"name":"wp","href":"https:\/\/api.w.org\/{rel}","templated":true}]}}