{"id":8678,"date":"2023-03-31T21:12:36","date_gmt":"2023-04-01T00:12:36","guid":{"rendered":"https:\/\/aconteceemmacaeeregiao.com.br\/?p=8678"},"modified":"2023-03-31T21:12:38","modified_gmt":"2023-04-01T00:12:38","slug":"marco-entre-mulheres-espaco-mulher-cidada-anuncia-novas-oficinas","status":"publish","type":"post","link":"https:\/\/aconteceemmacaeeregiao.com.br\/index.php\/2023\/03\/31\/marco-entre-mulheres-espaco-mulher-cidada-anuncia-novas-oficinas\/","title":{"rendered":"Mar\u00e7o Entre Mulheres: Espa\u00e7o Mulher Cidad\u00e3 anuncia novas oficinas"},"content":{"rendered":"\n<p>\u201cEste lugar me permitiu sair de uma situa\u00e7\u00e3o em que eu estava e transformou a minha vida\u201d. As palavras s\u00e3o de Sueli Pereira, aluna do Espa\u00e7o Mulher Cidad\u00e3 (EMC), que nesta sexta-feira (31) concluiu a nona oficina e recebeu o certificado de participa\u00e7\u00e3o das m\u00e3os da secret\u00e1ria de Pol\u00edticas para as Mulheres, Sheila Juv\u00eancio.<\/p>\n\n\n\n<p>Assim como ela, as demais alunas do EMC participaram do encerramento do projeto Mar\u00e7o Entre Mulheres, que celebrou o m\u00eas da mulher e receberam os certificados das oficinas. A programa\u00e7\u00e3o especial contou com feira de artesanato, apresenta\u00e7\u00f5es musicais, dan\u00e7a e palestras. Na ocasi\u00e3o, foram anunciados novos cursos livres do Espa\u00e7o, cujas inscri\u00e7\u00f5es come\u00e7am no pr\u00f3ximo dia 10.<\/p>\n\n\n\n<p>A coordenadora Raquel dos Anjos destacou que ser\u00e3o abertas vagas para aulas de canto, com a professora Ilka Duarte; Defesa Pessoal, em parceria com a secretaria municipal de Esportes; Gerenciamento de M\u00eddias Sociais para atua\u00e7\u00e3o no ramo da moda e beleza, com a professora Zu Oliveira e Dan\u00e7a S\u00eanior descentralizada, no Centro de Conviv\u00eancia Benedito Lacerda. As novas turmas ter\u00e3o in\u00edcio no dia 14 de abril.<\/p>\n\n\n<div class=\"wp-block-image\">\n<figure class=\"alignleft size-large is-resized\"><img fetchpriority=\"high\" decoding=\"async\" src=\"https:\/\/aconteceemmacaeeregiao.com.br\/wp-content\/uploads\/2023\/03\/1680311003-1024x683.jpg\" alt=\"\" class=\"wp-image-8680\" width=\"424\" height=\"283\" srcset=\"https:\/\/aconteceemmacaeeregiao.com.br\/wp-content\/uploads\/2023\/03\/1680311003-1024x683.jpg 1024w, https:\/\/aconteceemmacaeeregiao.com.br\/wp-content\/uploads\/2023\/03\/1680311003-300x200.jpg 300w, https:\/\/aconteceemmacaeeregiao.com.br\/wp-content\/uploads\/2023\/03\/1680311003-768x512.jpg 768w, https:\/\/aconteceemmacaeeregiao.com.br\/wp-content\/uploads\/2023\/03\/1680311003-1200x800.jpg 1200w, https:\/\/aconteceemmacaeeregiao.com.br\/wp-content\/uploads\/2023\/03\/1680311003.jpg 1417w\" sizes=\"(max-width: 424px) 100vw, 424px\" \/><\/figure>\n<\/div>\n\n\n<p>Ainda dentro da programa\u00e7\u00e3o, a feira de artesanato foi a oportunidade das alunas comercializarem o que foi produzido durante as aulas de costura criativa, patchwork, patch apliqu\u00ea e pintura em tecido, todas oferecidas pelo EMC. O dia contou tamb\u00e9m com a palestra \u201cQuem cuida de quem cuida?\u201d, mediada pela assistente social, \u00c9rica Souza e pela psic\u00f3loga Alessandra Nobre. Na parte da tarde, as apresenta\u00e7\u00f5es das turmas de Dan\u00e7a S\u00eanior e do Coletivo Flores, Cia de Dan\u00e7a Profissional do CIEMH2 N\u00facleo Cultural, prenderam a aten\u00e7\u00e3o do p\u00fablico.<\/p>\n\n\n\n<p>O espet\u00e1culo apresentado, \u201cMaria\u201d, aborda a viol\u00eancia dom\u00e9stica de forma po\u00e9tica a partir de fatos, relatos e estat\u00edsticas, estudados a campo e transformados em dan\u00e7a experimental. A apresenta\u00e7\u00e3o musical ficou por conta dos m\u00fasicos Jos\u00e9 Rangel e Joel Bezerra, da Escola Municipal de Artes Maria Jos\u00e9 Guedes (EMART).<\/p>\n\n\n<div class=\"wp-block-image\">\n<figure class=\"aligncenter size-large\"><img decoding=\"async\" width=\"1024\" height=\"619\" data-src=\"https:\/\/aconteceemmacaeeregiao.com.br\/wp-content\/uploads\/2023\/03\/1680297689-1024x619.jpg\" alt=\"\" class=\"wp-image-8681 lazyload\" data-srcset=\"https:\/\/aconteceemmacaeeregiao.com.br\/wp-content\/uploads\/2023\/03\/1680297689-1024x619.jpg 1024w, https:\/\/aconteceemmacaeeregiao.com.br\/wp-content\/uploads\/2023\/03\/1680297689-300x181.jpg 300w, https:\/\/aconteceemmacaeeregiao.com.br\/wp-content\/uploads\/2023\/03\/1680297689-768x464.jpg 768w, https:\/\/aconteceemmacaeeregiao.com.br\/wp-content\/uploads\/2023\/03\/1680297689.jpg 1417w\" data-sizes=\"(max-width: 1024px) 100vw, 1024px\" src=\"data:image\/svg+xml;base64,PHN2ZyB3aWR0aD0iMSIgaGVpZ2h0PSIxIiB4bWxucz0iaHR0cDovL3d3dy53My5vcmcvMjAwMC9zdmciPjwvc3ZnPg==\" style=\"--smush-placeholder-width: 1024px; --smush-placeholder-aspect-ratio: 1024\/619;\" \/><\/figure>\n<\/div>\n\n\n<blockquote class=\"wp-block-quote is-style-default is-layout-flow wp-block-quote-is-layout-flow\">\n<p>\u201cEncerramos este m\u00eas de mar\u00e7o com uma programa\u00e7\u00e3o especial preparada com todo carinho e cuidado, pensando nas nossas servidoras e tamb\u00e9m no p\u00fablico externo. Nosso objetivo \u00e9 sempre promover iniciativas que coloquem a mulher no centro das atividades, seja vendendo o seu produto e gerando renda, participando de uma palestra e adquirindo conhecimento ou sendo cuidada\u201d, afirma a secret\u00e1ria Sheila Juv\u00eancio.<\/p>\n<\/blockquote>\n","protected":false},"excerpt":{"rendered":"<p>\u201cEste lugar me permitiu sair de uma situa\u00e7\u00e3o em que eu estava e transformou a minha vida\u201d. As palavras s\u00e3o de Sueli Pereira, aluna do Espa\u00e7o Mulher Cidad\u00e3 (EMC), que nesta sexta-feira (31) concluiu a nona oficina e recebeu o certificado de participa\u00e7\u00e3o das m\u00e3os da secret\u00e1ria de Pol\u00edticas para as Mulheres, Sheila Juv\u00eancio. Assim [&hellip;]<\/p>\n","protected":false},"author":2,"featured_media":8682,"comment_status":"closed","ping_status":"closed","sticky":false,"template":"","format":"standard","meta":{"postBodyCss":"","postBodyMargin":[],"postBodyPadding":[],"postBodyBackground":{"backgroundType":"classic","gradient":""},"footnotes":""},"categories":[86,81,42],"tags":[120,118],"class_list":["post-8678","post","type-post","status-publish","format-standard","has-post-thumbnail","hentry","category-cultura","category-empreendedorismo","category-macae","tag-mulher","tag-social"],"aioseo_notices":[],"_links":{"self":[{"href":"https:\/\/aconteceemmacaeeregiao.com.br\/index.php\/wp-json\/wp\/v2\/posts\/8678","targetHints":{"allow":["GET"]}}],"collection":[{"href":"https:\/\/aconteceemmacaeeregiao.com.br\/index.php\/wp-json\/wp\/v2\/posts"}],"about":[{"href":"https:\/\/aconteceemmacaeeregiao.com.br\/index.php\/wp-json\/wp\/v2\/types\/post"}],"author":[{"embeddable":true,"href":"https:\/\/aconteceemmacaeeregiao.com.br\/index.php\/wp-json\/wp\/v2\/users\/2"}],"replies":[{"embeddable":true,"href":"https:\/\/aconteceemmacaeeregiao.com.br\/index.php\/wp-json\/wp\/v2\/comments?post=8678"}],"version-history":[{"count":0,"href":"https:\/\/aconteceemmacaeeregiao.com.br\/index.php\/wp-json\/wp\/v2\/posts\/8678\/revisions"}],"wp:featuredmedia":[{"embeddable":true,"href":"https:\/\/aconteceemmacaeeregiao.com.br\/index.php\/wp-json\/wp\/v2\/media\/8682"}],"wp:attachment":[{"href":"https:\/\/aconteceemmacaeeregiao.com.br\/index.php\/wp-json\/wp\/v2\/media?parent=8678"}],"wp:term":[{"taxonomy":"category","embeddable":true,"href":"https:\/\/aconteceemmacaeeregiao.com.br\/index.php\/wp-json\/wp\/v2\/categories?post=8678"},{"taxonomy":"post_tag","embeddable":true,"href":"https:\/\/aconteceemmacaeeregiao.com.br\/index.php\/wp-json\/wp\/v2\/tags?post=8678"}],"curies":[{"name":"wp","href":"https:\/\/api.w.org\/{rel}","templated":true}]}}