{"id":8751,"date":"2023-04-04T15:55:47","date_gmt":"2023-04-04T18:55:47","guid":{"rendered":"https:\/\/aconteceemmacaeeregiao.com.br\/?p=8751"},"modified":"2023-04-04T15:55:48","modified_gmt":"2023-04-04T18:55:48","slug":"prefeitura-de-cabo-frio-lanca-canal-para-denuncias-de-maus-tratos-a-animais","status":"publish","type":"post","link":"https:\/\/aconteceemmacaeeregiao.com.br\/index.php\/2023\/04\/04\/prefeitura-de-cabo-frio-lanca-canal-para-denuncias-de-maus-tratos-a-animais\/","title":{"rendered":"Prefeitura de Cabo Frio lan\u00e7a canal para den\u00fancias de maus-tratos a animais"},"content":{"rendered":"\n<p><em><strong>Servi\u00e7o \u00e9 gerenciado pela Secretaria de Direitos Humanos e Seguran\u00e7a, por meio do Grupamento Mar\u00edtimo e Ambiental, da Guarda Civil Municipal<\/strong><\/em><\/p>\n\n\n\n<p>A Prefeitura de <a href=\"https:\/\/aconteceemmacaeeregiao.com.br\/?s=cabo+frio\" title=\"\">Cabo Frio<\/a> agora oferece um canal para den\u00fancias de maus-tratos a animais. O servi\u00e7o est\u00e1 sendo coordenado pela Secretaria Municipal de Direitos Humanos e Seguran\u00e7a, operado pelo Grupamento Mar\u00edtimo e Ambiental, da Guarda Civil Municipal. Para denunciar qualquer tipo de maus-tratos a <a href=\"https:\/\/aconteceemmacaeeregiao.com.br\/?s=pets\" title=\"\">animais<\/a> de quaisquer esp\u00e9cies, sejam dom\u00e9sticos, domesticados, silvestres ou ex\u00f3ticos, basta o cidad\u00e3o ligar para o n\u00famero (22) 3199-9863 ou enviar e-mail para\u00a0<a href=\"mailto:guardamaritima.seg@cabofrio.rj.gov.br\">guardamaritima.seg@cabofrio.rj.gov.br<\/a>.<\/p>\n\n\n\n<p>Segundo o secret\u00e1rio de Direitos Humanos e Seguran\u00e7a, Ruy Fran\u00e7a, a ideia da cria\u00e7\u00e3o do canal de den\u00fancia surgiu da necessidade de oferecer ao cidad\u00e3o um servi\u00e7o que vise \u00e0 prote\u00e7\u00e3o dos animais. Todas as den\u00fancias relatadas s\u00e3o atendidas por um agente do Grupamento Ambiental.<\/p>\n\n\n\n<ul class=\"wp-block-list\">\n<li><a href=\"https:\/\/aconteceemmacaeeregiao.com.br\/index.php\/2023\/03\/29\/como-prevenir-e-identificar-doencas-gastrointestinais-em-animais-de-estimacao\/\">Como prevenir e identificar doen\u00e7as gastrointestinais em animais de estima\u00e7\u00e3o<\/a><\/li>\n<\/ul>\n\n\n\n<p>\u201cO objetivo \u00e9 encurtar a dist\u00e2ncia entre a solicita\u00e7\u00e3o e o resgate, criando um servi\u00e7o em que a popula\u00e7\u00e3o possa recorrer quando houver necessidade. J\u00e1 realiz\u00e1vamos atendimentos \u00e0s solicita\u00e7\u00f5es, mesmo antes do lan\u00e7amento do disque-den\u00fancia. Neste ano, de janeiro a mar\u00e7o, foram registrados 17 casos. \u00c9 importante destacar que, caso se confirmem os maus-tratos, o propriet\u00e1rio do animal ser\u00e1 encaminhado para delegacia. O animal ser\u00e1 encaminhado para o Canil Municipal, na Fazenda Campos Novos, onde receber\u00e1 os cuidados necess\u00e1rios para ter sua condi\u00e7\u00e3o recuperada\u201d, explica o secret\u00e1rio.<\/p>\n\n\n<div class=\"wp-block-image\">\n<figure class=\"aligncenter size-full\"><img fetchpriority=\"high\" decoding=\"async\" width=\"897\" height=\"670\" src=\"https:\/\/aconteceemmacaeeregiao.com.br\/wp-content\/uploads\/2023\/04\/b9d20f4a-9230-4929-a92a-0959b5461425.jpg\" alt=\"\" class=\"wp-image-8754\" srcset=\"https:\/\/aconteceemmacaeeregiao.com.br\/wp-content\/uploads\/2023\/04\/b9d20f4a-9230-4929-a92a-0959b5461425.jpg 897w, https:\/\/aconteceemmacaeeregiao.com.br\/wp-content\/uploads\/2023\/04\/b9d20f4a-9230-4929-a92a-0959b5461425-300x224.jpg 300w, https:\/\/aconteceemmacaeeregiao.com.br\/wp-content\/uploads\/2023\/04\/b9d20f4a-9230-4929-a92a-0959b5461425-768x574.jpg 768w\" sizes=\"(max-width: 897px) 100vw, 897px\" \/><\/figure>\n<\/div>\n\n\n<p>Abandonar ou maltratar animais \u00e9 crime previsto no artigo 32, da Lei Federal n.\u00ba 9.605, de 12.02.1998 (Lei de Crimes Ambientais) e pelo artigo 225 da Constitui\u00e7\u00e3o Federal Brasileira, de 5 de outubro de 1988. A Lei n\u00ba 14.064, de 29 de setembro de 2020, que alterou o artigo 32 da Lei de Crimes Ambientais (n\u00ba 9.605, de 12 de fevereiro de 1998) aumentou a pena para autores de maus-tratos contra c\u00e3es e gatos ,que podem levar \u00e0 reclus\u00e3o de dois a cinco anos, multa e a proibi\u00e7\u00e3o de o agressor ter a guarda de animais.<\/p>\n\n\n\n<p><em>Por Secom Pref. de Cabo Frio<\/em><\/p>\n","protected":false},"excerpt":{"rendered":"<p>Servi\u00e7o \u00e9 gerenciado pela Secretaria de Direitos Humanos e Seguran\u00e7a, por meio do Grupamento Mar\u00edtimo e Ambiental, da Guarda Civil Municipal A Prefeitura de Cabo Frio agora oferece um canal para den\u00fancias de maus-tratos a animais. O servi\u00e7o est\u00e1 sendo coordenado pela Secretaria Municipal de Direitos Humanos e Seguran\u00e7a, operado pelo Grupamento Mar\u00edtimo e Ambiental, [&hellip;]<\/p>\n","protected":false},"author":2,"featured_media":8753,"comment_status":"closed","ping_status":"closed","sticky":false,"template":"","format":"standard","meta":{"postBodyCss":"","postBodyMargin":[],"postBodyPadding":[],"postBodyBackground":{"backgroundType":"classic","gradient":""},"footnotes":""},"categories":[155,43],"tags":[409,408,163],"class_list":["post-8751","post","type-post","status-publish","format-standard","has-post-thumbnail","hentry","category-cabo-frio","category-regiao","tag-animais","tag-maus-tratos","tag-saude-dos-pets"],"aioseo_notices":[],"_links":{"self":[{"href":"https:\/\/aconteceemmacaeeregiao.com.br\/index.php\/wp-json\/wp\/v2\/posts\/8751","targetHints":{"allow":["GET"]}}],"collection":[{"href":"https:\/\/aconteceemmacaeeregiao.com.br\/index.php\/wp-json\/wp\/v2\/posts"}],"about":[{"href":"https:\/\/aconteceemmacaeeregiao.com.br\/index.php\/wp-json\/wp\/v2\/types\/post"}],"author":[{"embeddable":true,"href":"https:\/\/aconteceemmacaeeregiao.com.br\/index.php\/wp-json\/wp\/v2\/users\/2"}],"replies":[{"embeddable":true,"href":"https:\/\/aconteceemmacaeeregiao.com.br\/index.php\/wp-json\/wp\/v2\/comments?post=8751"}],"version-history":[{"count":0,"href":"https:\/\/aconteceemmacaeeregiao.com.br\/index.php\/wp-json\/wp\/v2\/posts\/8751\/revisions"}],"wp:featuredmedia":[{"embeddable":true,"href":"https:\/\/aconteceemmacaeeregiao.com.br\/index.php\/wp-json\/wp\/v2\/media\/8753"}],"wp:attachment":[{"href":"https:\/\/aconteceemmacaeeregiao.com.br\/index.php\/wp-json\/wp\/v2\/media?parent=8751"}],"wp:term":[{"taxonomy":"category","embeddable":true,"href":"https:\/\/aconteceemmacaeeregiao.com.br\/index.php\/wp-json\/wp\/v2\/categories?post=8751"},{"taxonomy":"post_tag","embeddable":true,"href":"https:\/\/aconteceemmacaeeregiao.com.br\/index.php\/wp-json\/wp\/v2\/tags?post=8751"}],"curies":[{"name":"wp","href":"https:\/\/api.w.org\/{rel}","templated":true}]}}