{"id":8984,"date":"2023-04-14T19:27:48","date_gmt":"2023-04-14T22:27:48","guid":{"rendered":"https:\/\/aconteceemmacaeeregiao.com.br\/?p=8984"},"modified":"2023-04-14T19:27:48","modified_gmt":"2023-04-14T22:27:48","slug":"sana-fiscalizacao-coibe-ocupacoes-e-vendas-de-terrenos-em-loteamentos-irregulares","status":"publish","type":"post","link":"https:\/\/aconteceemmacaeeregiao.com.br\/index.php\/2023\/04\/14\/sana-fiscalizacao-coibe-ocupacoes-e-vendas-de-terrenos-em-loteamentos-irregulares\/","title":{"rendered":"Sana: Fiscaliza\u00e7\u00e3o co\u00edbe ocupa\u00e7\u00f5es e vendas de terrenos em loteamentos irregulares"},"content":{"rendered":"\n<p>A Secretaria Municipal de Ambiente e Sustentabilidade recebeu den\u00fancias sobre pr\u00e1ticas ilegais em rela\u00e7\u00e3o \u00e0 ocupa\u00e7\u00e3o e comercializa\u00e7\u00e3o de terrenos em loteamentos irregulares no distrito do Sana, na regi\u00e3o serrana de Maca\u00e9. Entre as atividades il\u00edcitas est\u00e3o a movimenta\u00e7\u00e3o de terra, constru\u00e7\u00e3o em faixa marginal de curso h\u00eddrico (FMP) e corte de vegeta\u00e7\u00e3o para constru\u00e7\u00e3o.<\/p>\n\n\n\n<p>Para apurar as informa\u00e7\u00f5es sobre as irregularidades, com base na&nbsp;<a href=\"https:\/\/sistemas.macae.rj.gov.br:84\/sim\/midia\/anexolegislacao\/(LC-027-2001)_LC%20027-2001.pdf\"><strong>Lei Complementar Municipal n\u00ba 027\/2001 (C\u00f3digo Municipal de Meio Ambiente)<\/strong><\/a>&nbsp;e outras legisla\u00e7\u00f5es vigentes, uma a\u00e7\u00e3o de fiscaliza\u00e7\u00e3o foi realizada no local durante esta semana. O objetivo foi apurar as informa\u00e7\u00f5es e coibir as ilegalidades.<\/p>\n\n\n\n<p>A a\u00e7\u00e3o foi feita de forma conjunta entre fiscais da Secretaria Municipal de Ambiente e Sustentabilidade, do Instituto Estadual do Ambiente (Inea) &#8211; \u00f3rg\u00e3o do governo do Estado do Rio de Janeiro &#8211; e tamb\u00e9m do Conselho Regional de Corretores de Im\u00f3veis (Creci\/RJ). Alguns corretores, que foram identificados pelo \u00f3rg\u00e3o com pr\u00e1ticas ilegais de comercializa\u00e7\u00e3o de terrenos, receberam notifica\u00e7\u00f5es.<\/p>\n\n\n\n<ul class=\"wp-block-list\">\n<li><a href=\"https:\/\/aconteceemmacaeeregiao.com.br\/index.php\/2023\/04\/13\/linha-a83-passara-a-atender-o-vale-das-palmeiras\/\">Linha A83 passar\u00e1 a atender o Vale das Palmeiras<\/a><\/li>\n\n\n\n<li><a href=\"https:\/\/aconteceemmacaeeregiao.com.br\/index.php\/2023\/04\/12\/macae-realiza-1a-copa-de-futebol-society-de-surdos\/\">Maca\u00e9 realiza 1\u00aa Copa de Futebol Society de Surdos<\/a><\/li>\n<\/ul>\n\n\n\n<p>Durante a opera\u00e7\u00e3o foram distribu\u00eddos panfletos \u00e0 popula\u00e7\u00e3o informando a proibi\u00e7\u00e3o da venda de terrenos ilegais. A Secretaria realizar\u00e1, em parceria com os \u00f3rg\u00e3os ambientais e Creci, uma rotina de fiscaliza\u00e7\u00e3o.<\/p>\n\n\n\n<p>O Sana \u00e9 uma \u00c1rea de Prote\u00e7\u00e3o Ambiental (APA) e, por isso, todas as transa\u00e7\u00f5es imobili\u00e1rias est\u00e3o sujeitas a uma s\u00e9rie de normas espec\u00edficas quanto ao zoneamento ambiental e o tamanho do terreno. Para obter a instala\u00e7\u00e3o de energia el\u00e9trica, por exemplo, a concession\u00e1ria respons\u00e1vel pelo servi\u00e7o exige ao morador a apresenta\u00e7\u00e3o de uma Certid\u00e3o de Regularidade Ambiental emitida pela Secretaria Municipal de Ambiente e Sustentabilidade.<\/p>\n\n\n\n<p>A venda ilegal de um im\u00f3vel \u00e9 considerada contraven\u00e7\u00e3o pelo CRECI. O \u00f3rg\u00e3o tem como premissa o combate \u00e0 comercializa\u00e7\u00e3o ilegal. A orienta\u00e7\u00e3o para quem estiver negociando um im\u00f3vel \u00e9 sanar as d\u00favidas acessando o\u00a0<a href=\"https:\/\/creci-rj.gov.br\/\"><strong>site do Conselho<\/strong><\/a>. Den\u00fancias podem ser feitas para o telefone\/WhatsApp (021) 99800-4882.<\/p>\n\n\n\n<p><em>Por Secom Pref. de Maca\u00e9<\/em><\/p>\n","protected":false},"excerpt":{"rendered":"<p>A Secretaria Municipal de Ambiente e Sustentabilidade recebeu den\u00fancias sobre pr\u00e1ticas ilegais em rela\u00e7\u00e3o \u00e0 ocupa\u00e7\u00e3o e comercializa\u00e7\u00e3o de terrenos em loteamentos irregulares no distrito do Sana, na regi\u00e3o serrana de Maca\u00e9. Entre as atividades il\u00edcitas est\u00e3o a movimenta\u00e7\u00e3o de terra, constru\u00e7\u00e3o em faixa marginal de curso h\u00eddrico (FMP) e corte de vegeta\u00e7\u00e3o para constru\u00e7\u00e3o. [&hellip;]<\/p>\n","protected":false},"author":2,"featured_media":8986,"comment_status":"closed","ping_status":"closed","sticky":false,"template":"","format":"standard","meta":{"postBodyCss":"","postBodyMargin":[],"postBodyPadding":[],"postBodyBackground":{"backgroundType":"classic","gradient":""},"footnotes":""},"categories":[42,67,47],"tags":[472,473,417,418],"class_list":["post-8984","post","type-post","status-publish","format-standard","has-post-thumbnail","hentry","category-macae","category-meio-ambiente","category-ocorrencias","tag-invasao","tag-ocupacao","tag-regiao-serrana","tag-sana"],"aioseo_notices":[],"_links":{"self":[{"href":"https:\/\/aconteceemmacaeeregiao.com.br\/index.php\/wp-json\/wp\/v2\/posts\/8984","targetHints":{"allow":["GET"]}}],"collection":[{"href":"https:\/\/aconteceemmacaeeregiao.com.br\/index.php\/wp-json\/wp\/v2\/posts"}],"about":[{"href":"https:\/\/aconteceemmacaeeregiao.com.br\/index.php\/wp-json\/wp\/v2\/types\/post"}],"author":[{"embeddable":true,"href":"https:\/\/aconteceemmacaeeregiao.com.br\/index.php\/wp-json\/wp\/v2\/users\/2"}],"replies":[{"embeddable":true,"href":"https:\/\/aconteceemmacaeeregiao.com.br\/index.php\/wp-json\/wp\/v2\/comments?post=8984"}],"version-history":[{"count":0,"href":"https:\/\/aconteceemmacaeeregiao.com.br\/index.php\/wp-json\/wp\/v2\/posts\/8984\/revisions"}],"wp:featuredmedia":[{"embeddable":true,"href":"https:\/\/aconteceemmacaeeregiao.com.br\/index.php\/wp-json\/wp\/v2\/media\/8986"}],"wp:attachment":[{"href":"https:\/\/aconteceemmacaeeregiao.com.br\/index.php\/wp-json\/wp\/v2\/media?parent=8984"}],"wp:term":[{"taxonomy":"category","embeddable":true,"href":"https:\/\/aconteceemmacaeeregiao.com.br\/index.php\/wp-json\/wp\/v2\/categories?post=8984"},{"taxonomy":"post_tag","embeddable":true,"href":"https:\/\/aconteceemmacaeeregiao.com.br\/index.php\/wp-json\/wp\/v2\/tags?post=8984"}],"curies":[{"name":"wp","href":"https:\/\/api.w.org\/{rel}","templated":true}]}}