{"id":8992,"date":"2023-04-14T20:03:58","date_gmt":"2023-04-14T23:03:58","guid":{"rendered":"https:\/\/aconteceemmacaeeregiao.com.br\/?p=8992"},"modified":"2023-04-14T20:03:58","modified_gmt":"2023-04-14T23:03:58","slug":"i-macae-horse-fest-sera-promovido-de-21-a-23-de-abril","status":"publish","type":"post","link":"https:\/\/aconteceemmacaeeregiao.com.br\/index.php\/2023\/04\/14\/i-macae-horse-fest-sera-promovido-de-21-a-23-de-abril\/","title":{"rendered":"I Maca\u00e9 Horse Fest ser\u00e1 promovido de 21 a 23 de abril"},"content":{"rendered":"\n<p>Maca\u00e9 sedia entre os dias 21 e 23 de abril, no Parque de Exposi\u00e7\u00f5es, o I Maca\u00e9 Horse Fest, com apoio da prefeitura. O evento \u00e9 uma festa da modalidade h\u00edpica dos tr\u00eas tambores com v\u00e1rias categorias, reunindo crian\u00e7as, jovens e adultos.<br><\/p>\n\n\n\n<blockquote class=\"wp-block-quote is-layout-flow wp-block-quote-is-layout-flow\">\n<p>&#8211; O esporte equestre \u00e9 marcado por um ambiente familiar, criando sustenta\u00e7\u00e3o que permite a movimenta\u00e7\u00e3o do agroneg\u00f3cio, fomentando a ra\u00e7a do quarto de milha e desenvolvendo diversos segmentos econ\u00f4micos relacionados a essa atividade, gerando trabalho e renda \u2013 destacou o secret\u00e1rio de Agroeconomia, Dudu Jardim.<\/p>\n<\/blockquote>\n\n\n\n<p>De acordo com as organizadoras do evento, Nanachara Souza, Gabriela Cruz e Ge\u00edsa Almeida, participam cavalos do estado do Rio e Esp\u00edrito Santo e as categorias s\u00e3o subdivididas conforme o perfil do competidor. \u201cSer\u00e3o tr\u00eas dias de festa, sendo que a entrada dos animais \u00e9 na quinta-feira. Na sexta e no s\u00e1bado, o dia ser\u00e1 inteiro de provas, at\u00e9 o fim da manh\u00e3 de domingo\u201d, explicaram, lembrando que as inscri\u00e7\u00f5es est\u00e3o abertas pelo SGP Gerenciamento de Provas.<\/p>\n\n\n\n<p>O secret\u00e1rio de Turismo, L\u00e9o Anderson, ressaltou que a prefeitura garante a infraestrutura para o evento, fomentando o turismo e atraindo visitantes, que utilizam o polo tur\u00edstico da cidade, entre hot\u00e9is, restaurantes e outros servi\u00e7os.<\/p>\n\n\n\n<p>As categorias s\u00e3o: Escolinha (competidores com baixo grau de experi\u00eancia no esporte); Mirim (0 a 9 anos); Infantil (10 a 14 anos); Jovem C (15 a 18 anos); Feminino; Aberta j\u00fanior; Aberta s\u00eanior e Profissional light; Amador (19 anos ou mais); Amador Principiante (19 anos ou mais com pontua\u00e7\u00e3o inferior a 30 pontos na ABQM); Amador Light (19 anos ou mais com pontua\u00e7\u00e3o inferior a 100 pontos na ABQM); Amador M\u00e1ster (40 anos de idade ou mais); Amador M\u00e1ster B (50 anos de idade ou mais); Amador Masculino (exclusivo para homens de qualquer idade, profissionais n\u00e3o s\u00e3o permitidos).<\/p>\n\n\n\n<p>No domingo (23) haver\u00e1 a categoria paratleta, com a participa\u00e7\u00e3o dos alunos do Programa Municipal de Equoterapia, que acontece dentro do Parque de Exposi\u00e7\u00f5es.<\/p>\n\n\n\n<p>A Prova dos Tr\u00eas Tambores \u00e9 uma prova tradicional e extremamente t\u00e9cnica, consiste num circuito com tr\u00eas tambores, onde o objetivo \u00e9 cumprir todo o trajeto no menor tempo poss\u00edvel sem derrubar nenhum dos tambores. A classifica\u00e7\u00e3o \u00e9 feita por meio da somat\u00f3ria dos menores tempos registrados para o cumprimento do circuito. Em caso de um ou mais tambores serem derrubados durante o trajeto, h\u00e1 uma penaliza\u00e7\u00e3o. \u201cSer\u00e1 um belo evento, estamos muito animados, est\u00e1 tudo fluindo bem e sendo providenciado com muito carinho\u201d, ressaltou a organizadora, Ge\u00edsa.<\/p>\n\n\n\n<p><em>Por Jornalista Janira Braga\/ Secom Pref. de Maca\u00e9<\/em><\/p>\n","protected":false},"excerpt":{"rendered":"<p>Maca\u00e9 sedia entre os dias 21 e 23 de abril, no Parque de Exposi\u00e7\u00f5es, o I Maca\u00e9 Horse Fest, com apoio da prefeitura. O evento \u00e9 uma festa da modalidade h\u00edpica dos tr\u00eas tambores com v\u00e1rias categorias, reunindo crian\u00e7as, jovens e adultos. &#8211; O esporte equestre \u00e9 marcado por um ambiente familiar, criando sustenta\u00e7\u00e3o que [&hellip;]<\/p>\n","protected":false},"author":2,"featured_media":8994,"comment_status":"closed","ping_status":"closed","sticky":false,"template":"","format":"standard","meta":{"postBodyCss":"","postBodyMargin":[],"postBodyPadding":[],"postBodyBackground":{"backgroundType":"classic","gradient":""},"footnotes":""},"categories":[46,200,42],"tags":[476,474],"class_list":["post-8992","post","type-post","status-publish","format-standard","has-post-thumbnail","hentry","category-diversao","category-evento","category-macae","tag-hipica","tag-parque-de-exposicao"],"aioseo_notices":[],"_links":{"self":[{"href":"https:\/\/aconteceemmacaeeregiao.com.br\/index.php\/wp-json\/wp\/v2\/posts\/8992","targetHints":{"allow":["GET"]}}],"collection":[{"href":"https:\/\/aconteceemmacaeeregiao.com.br\/index.php\/wp-json\/wp\/v2\/posts"}],"about":[{"href":"https:\/\/aconteceemmacaeeregiao.com.br\/index.php\/wp-json\/wp\/v2\/types\/post"}],"author":[{"embeddable":true,"href":"https:\/\/aconteceemmacaeeregiao.com.br\/index.php\/wp-json\/wp\/v2\/users\/2"}],"replies":[{"embeddable":true,"href":"https:\/\/aconteceemmacaeeregiao.com.br\/index.php\/wp-json\/wp\/v2\/comments?post=8992"}],"version-history":[{"count":0,"href":"https:\/\/aconteceemmacaeeregiao.com.br\/index.php\/wp-json\/wp\/v2\/posts\/8992\/revisions"}],"wp:featuredmedia":[{"embeddable":true,"href":"https:\/\/aconteceemmacaeeregiao.com.br\/index.php\/wp-json\/wp\/v2\/media\/8994"}],"wp:attachment":[{"href":"https:\/\/aconteceemmacaeeregiao.com.br\/index.php\/wp-json\/wp\/v2\/media?parent=8992"}],"wp:term":[{"taxonomy":"category","embeddable":true,"href":"https:\/\/aconteceemmacaeeregiao.com.br\/index.php\/wp-json\/wp\/v2\/categories?post=8992"},{"taxonomy":"post_tag","embeddable":true,"href":"https:\/\/aconteceemmacaeeregiao.com.br\/index.php\/wp-json\/wp\/v2\/tags?post=8992"}],"curies":[{"name":"wp","href":"https:\/\/api.w.org\/{rel}","templated":true}]}}