{"id":9016,"date":"2023-04-15T16:22:21","date_gmt":"2023-04-15T19:22:21","guid":{"rendered":"https:\/\/aconteceemmacaeeregiao.com.br\/?p=9016"},"modified":"2023-04-15T16:22:22","modified_gmt":"2023-04-15T19:22:22","slug":"brasil-avanca-com-cinco-duplas-no-challenge-de-saquarema","status":"publish","type":"post","link":"https:\/\/aconteceemmacaeeregiao.com.br\/index.php\/2023\/04\/15\/brasil-avanca-com-cinco-duplas-no-challenge-de-saquarema\/","title":{"rendered":"Brasil avan\u00e7a com cinco duplas no Challenge de Saquarema"},"content":{"rendered":"\n<p><em><strong>Dos oito times que come\u00e7aram a fase de grupos, cinco j\u00e1 se garantiram na fase final da competi\u00e7\u00e3o<\/strong><\/em><\/p>\n\n\n\n<p>O Brasil garantiu pelo menos cinco duplas na fase final do Challenge de <a href=\"https:\/\/aconteceemmacaeeregiao.com.br\/?s=saquarema\" title=\"Mais not\u00edcias\">Saquarema<\/a>, no Rio de Janeiro. A etapa carioca do Circuito Mundial de v\u00f4lei de praia come\u00e7ou a disputa de grupos com oito pares brasileiros somando as categorias masculina e feminino. Todos as mulheres avan\u00e7aram, enquanto apenas Evandro e Arthur se classificaram para o mata a mata entre os homens. Al\u00e9m disso, Saymon e Vinicius jogam a repescagem.<\/p>\n\n\n\n<p>Nas oitavas de final, Taiana e Heg\u00ea terminaram com o segundo lugar do grupo C e enfrentam as espanholas Liliana e Paula. Mesma coloca\u00e7\u00e3o de Thalita e Thamela no grupo B, que encaram as gregas Ahtiainen e Lathi. Enquanto Tain\u00e1 e Victoria terminaram como l\u00edderes de seu grupo e duelam contra as alem\u00e3s Ludwig e Lippmann. Por fim, Andressa e Vitoria jogam com as japonesas Ishii e Mizoe por um lugar nas quartas.<\/p>\n\n\n\n<p>Enquanto isso, no masculino, apenas Evandro e Arthur garantiram vaga de forma direta para as oitavas. Saymon e Vinicius jogam a repescagem ainda nesta sexta-feira (14) contra contra os irm\u00e3os argentinos Capogrosso. J\u00e1 Alisson e Oscar terminaram em \u00faltimo do grupo E e, dessa forma, deram adeus ao Challenge de Saquarema.<\/p>\n\n\n\n<h2 class=\"wp-block-heading\" id=\"h-jogos-do-dia\">Jogos do dia<\/h2>\n\n\n\n<p>A sexta-feira come\u00e7ou com brasileiras em quadra no Challenge de Saquarema de v\u00f4lei de praia. Pela fase de grupos feminina, Thalita e Thamela venceram de virada as mexicanas Guiterrez e Flores: 17\/21, 21\/12 e 15\/10. \u00c0 tarde, as duas fecharam a fase de grupos sendo superadas pelas chinesas Xue e Xia: 21\/16 e 21\/15. Enquanto isso, Andressa\/Vitoria derrotou a dupla da Litu\u00e2nia Paulikiene\/Raupelyte: 2 a 1 (21\/19, 19\/21 e 15\/11). Na sequ\u00eancia, perderam para as norte-americanas Kolinske e Harward por 2 a 0 (21\/17 e 21\/18).<\/p>\n\n\n\n<p>Taiana e Heg\u00ea bateram as g\u00eameas austr\u00edacas Dorina e Ronja Klinger com um duplo 21\/14. Contudo, acabaram perdendo a segunda partida do dia para as italianas Gottardi e Menegatti 21\/16, 17\/21 e 9\/15. J\u00e1 Tain\u00e1\/Victoria fez 2 sets a 0 (21\/15 e 21\/17) em Kathi e Lena, da \u00c1ustria. A dupla brasileira voltou a triunfar diante as japonesas Ishii e Mizoe \u2014 que desistiram no tie break \u2014 2 sets a 1 (21\/18, 21\/23 e 8\/7).<\/p>\n\n\n\n<p>Por outro lado, entre os homens o dia n\u00e3o come\u00e7ou bem. Saymon e Vinicius acabaram superados pelos austr\u00edacos Seidl e Pristauz no tie break: 20\/22, 21\/19 e 11\/15. Depois disso, bateram os holandeses Penninga e Luni por 2 a 1 (25\/23, 17\/21 e 15\/13). Enquanto isso, Evandro e Arthur venceram os su\u00ed\u00e7os Krattinger e Breer por 2 sets a 1 (21\/17, 18\/21 e 15\/12). \u00c0 noite, voltaram \u00e0 quadra para enfrentar M\u00e9tral\/Haussener, tamb\u00e9m da Su\u00ed\u00e7a, e venceram por 2 a 0 (21\/15 e 21\/19).<\/p>\n\n\n\n<p>Alisson\/Oscar perdeu para os italianos Lupo e Rossi: 16\/21, 24\/22 e 11\/15. Logo depois encarou os norte-americanos Partain e Benesh. Mais uma derrota em sets diretos: 9\/21 e 13\/21.<\/p>\n\n\n\n<p><em>Por Adielson de Barros\/ Olimp\u00edada Todo Dia<\/em><\/p>\n","protected":false},"excerpt":{"rendered":"<p>Dos oito times que come\u00e7aram a fase de grupos, cinco j\u00e1 se garantiram na fase final da competi\u00e7\u00e3o O Brasil garantiu pelo menos cinco duplas na fase final do Challenge de Saquarema, no Rio de Janeiro. A etapa carioca do Circuito Mundial de v\u00f4lei de praia come\u00e7ou a disputa de grupos com oito pares brasileiros [&hellip;]<\/p>\n","protected":false},"author":2,"featured_media":9018,"comment_status":"closed","ping_status":"closed","sticky":false,"template":"","format":"standard","meta":{"postBodyCss":"","postBodyMargin":[],"postBodyPadding":[],"postBodyBackground":{"backgroundType":"classic","gradient":""},"footnotes":""},"categories":[6,43,249],"tags":[234,336],"class_list":["post-9016","post","type-post","status-publish","format-standard","has-post-thumbnail","hentry","category-esporte","category-regiao","category-saquarema","tag-praia","tag-volei"],"aioseo_notices":[],"_links":{"self":[{"href":"https:\/\/aconteceemmacaeeregiao.com.br\/index.php\/wp-json\/wp\/v2\/posts\/9016","targetHints":{"allow":["GET"]}}],"collection":[{"href":"https:\/\/aconteceemmacaeeregiao.com.br\/index.php\/wp-json\/wp\/v2\/posts"}],"about":[{"href":"https:\/\/aconteceemmacaeeregiao.com.br\/index.php\/wp-json\/wp\/v2\/types\/post"}],"author":[{"embeddable":true,"href":"https:\/\/aconteceemmacaeeregiao.com.br\/index.php\/wp-json\/wp\/v2\/users\/2"}],"replies":[{"embeddable":true,"href":"https:\/\/aconteceemmacaeeregiao.com.br\/index.php\/wp-json\/wp\/v2\/comments?post=9016"}],"version-history":[{"count":0,"href":"https:\/\/aconteceemmacaeeregiao.com.br\/index.php\/wp-json\/wp\/v2\/posts\/9016\/revisions"}],"wp:featuredmedia":[{"embeddable":true,"href":"https:\/\/aconteceemmacaeeregiao.com.br\/index.php\/wp-json\/wp\/v2\/media\/9018"}],"wp:attachment":[{"href":"https:\/\/aconteceemmacaeeregiao.com.br\/index.php\/wp-json\/wp\/v2\/media?parent=9016"}],"wp:term":[{"taxonomy":"category","embeddable":true,"href":"https:\/\/aconteceemmacaeeregiao.com.br\/index.php\/wp-json\/wp\/v2\/categories?post=9016"},{"taxonomy":"post_tag","embeddable":true,"href":"https:\/\/aconteceemmacaeeregiao.com.br\/index.php\/wp-json\/wp\/v2\/tags?post=9016"}],"curies":[{"name":"wp","href":"https:\/\/api.w.org\/{rel}","templated":true}]}}