{"id":9047,"date":"2023-04-17T21:16:39","date_gmt":"2023-04-18T00:16:39","guid":{"rendered":"https:\/\/aconteceemmacaeeregiao.com.br\/?p=9047"},"modified":"2023-04-17T21:16:39","modified_gmt":"2023-04-18T00:16:39","slug":"veronica-medeiros-conquista-ouro-no-arnold-classic-south-america","status":"publish","type":"post","link":"https:\/\/aconteceemmacaeeregiao.com.br\/index.php\/2023\/04\/17\/veronica-medeiros-conquista-ouro-no-arnold-classic-south-america\/","title":{"rendered":"Ver\u00f4nica Medeiros conquista ouro no Arnold Classic South America"},"content":{"rendered":"\n<p>A atleta do Bolsa Atleta da Prefeitura de Maca\u00e9, Ver\u00f4nica Medeiros, foi campe\u00e3 no Arnold Classic South America neste final de semana em duas modalidades na arte marcial chamada Sambo. Ver\u00f4nica \u00e9 patrocinada pelo Bolsa Atleta no esporte Kickboxing e fez quest\u00e3o de elevar a bandeira de Maca\u00e9 no topo tamb\u00e9m no Sambo.<\/p>\n\n\n\n<p>Ver\u00f4nica conquistou duas medalhas de ouro nas modalidades Combat e Esportivo, garantindo duas vagas para o panamericano, que ser\u00e1 na Rep\u00fablica Dominicana. Antes, ela participa do Campeonato Brasileiro. A atleta \u00e9 federada \u00e0 Federa\u00e7\u00e3o de Sambo do Estado do Rio de Janeiro (Faserj) e associada \u00e0 ROFC.<\/p>\n\n\n\n<ul class=\"wp-block-list\">\n<li><a href=\"https:\/\/aconteceemmacaeeregiao.com.br\/index.php\/2023\/04\/15\/saquarema-abre-mais-2-000-vagas-para-o-conexao-universitaria\/\">Saquarema abre mais 2.000 vagas para o Conex\u00e3o Universit\u00e1ria<\/a><\/li>\n\n\n\n<li><a href=\"https:\/\/aconteceemmacaeeregiao.com.br\/index.php\/2023\/02\/06\/bolsa-atleta-quissama-se-destaca-em-competicao-de-jiu-jitsu\/\"><strong>Bolsa Atleta Quissam\u00e3 se destaca em competi\u00e7\u00e3o de jiu-jitsu\u00a0<\/strong><\/a><\/li>\n<\/ul>\n\n\n\n<p>&#8220;No s\u00e1bado, em S\u00e3o Paulo, muitos perguntaram de onde eu era e fiz quest\u00e3o de elevar a bandeira de Maca\u00e9 neste evento que \u00e9 para o Brasil todo&#8221;, pontuou Ver\u00f4nica, que no Kickboxing conquistou no m\u00eas passado cinco medalhas de ouro nas categorias Kick light, Light contact, Musical forms, Creative forms e Point fight. A atleta foi l\u00edder nas categorias durante a 7\u00aa Ta\u00e7a Guanabara de Kickboxing.<\/p>\n\n\n\n<p>&#8220;Em breve estarei na Rep\u00fablica Dominicana representando Maca\u00e9 e o Brasil nessa modalidade&#8221;, comemorou a campe\u00e3, que tamb\u00e9m \u00e9 a primeira instrutora feminina de Sambo no Estado do Rio de Janeiro e treinada pelo mestre Valmir da Silva, refer\u00eancia mundial tanto no Sambo como no Kickboxing.<\/p>\n\n\n\n<p>Para o Secret\u00e1rio de Esporte, Marvel Mailet, \u00e9 uma alegria ver uma atleta de Maca\u00e9 subindo no mais alto lugar do p\u00f3dio. &#8220;Vamos continuar apoiando e incentivando todas as modalidades esportivas, porque al\u00e9m dos nossos campe\u00f5es levarem o nome de Maca\u00e9 para o Brasil e para o mundo, eles viram uma refer\u00eancia para crian\u00e7as e jovens a entrar no mundo do esporte&#8221;, comentou.<\/p>\n\n\n\n<p>O Sambo \u00e9 um esporte de combate desenvolvido e usado pelo Ex\u00e9rcito Vermelho sovi\u00e9tico no in\u00edcio da d\u00e9cada de 1920 para melhorar suas habilidades de combate m\u00e3o-a-m\u00e3o. O esporte \u00e9 semelhante em muitos aspectos ao jud\u00f4 e ao jiu jitsu, mas tamb\u00e9m incorpora diferentes tipos de luta livre e v\u00e1rios sistemas de autodefesa.<\/p>\n\n\n\n<p>O nome &#8220;Sambo&#8221; deriva da sigla russa SAMozashchita Bez Oruzhiya, que significa literalmente &#8220;autodefesa sem armas&#8221;. J\u00e1 o Arnold Classic South America \u00e9 o maior encontro multiesportivo da Am\u00e9rica do Sul e foi realizado em S\u00e3o Paulo reunindo diferentes modalidades. O evento \u00e9 uma feira de nutri\u00e7\u00e3o esportiva criada por Arnold Schwarzenegger e teve 11 mil atletas inscritos.<\/p>\n\n\n\n<p><em>Por \u00a0Jornalista Janira Braga\/ Secom Pref. de Maca\u00e9<\/em><\/p>\n","protected":false},"excerpt":{"rendered":"<p>A atleta do Bolsa Atleta da Prefeitura de Maca\u00e9, Ver\u00f4nica Medeiros, foi campe\u00e3 no Arnold Classic South America neste final de semana em duas modalidades na arte marcial chamada Sambo. Ver\u00f4nica \u00e9 patrocinada pelo Bolsa Atleta no esporte Kickboxing e fez quest\u00e3o de elevar a bandeira de Maca\u00e9 no topo tamb\u00e9m no Sambo. Ver\u00f4nica conquistou [&hellip;]<\/p>\n","protected":false},"author":2,"featured_media":9049,"comment_status":"closed","ping_status":"closed","sticky":false,"template":"","format":"standard","meta":{"postBodyCss":"","postBodyMargin":[],"postBodyPadding":[],"postBodyBackground":{"backgroundType":"classic","gradient":""},"footnotes":""},"categories":[6,42],"tags":[],"class_list":["post-9047","post","type-post","status-publish","format-standard","has-post-thumbnail","hentry","category-esporte","category-macae"],"aioseo_notices":[],"_links":{"self":[{"href":"https:\/\/aconteceemmacaeeregiao.com.br\/index.php\/wp-json\/wp\/v2\/posts\/9047","targetHints":{"allow":["GET"]}}],"collection":[{"href":"https:\/\/aconteceemmacaeeregiao.com.br\/index.php\/wp-json\/wp\/v2\/posts"}],"about":[{"href":"https:\/\/aconteceemmacaeeregiao.com.br\/index.php\/wp-json\/wp\/v2\/types\/post"}],"author":[{"embeddable":true,"href":"https:\/\/aconteceemmacaeeregiao.com.br\/index.php\/wp-json\/wp\/v2\/users\/2"}],"replies":[{"embeddable":true,"href":"https:\/\/aconteceemmacaeeregiao.com.br\/index.php\/wp-json\/wp\/v2\/comments?post=9047"}],"version-history":[{"count":0,"href":"https:\/\/aconteceemmacaeeregiao.com.br\/index.php\/wp-json\/wp\/v2\/posts\/9047\/revisions"}],"wp:featuredmedia":[{"embeddable":true,"href":"https:\/\/aconteceemmacaeeregiao.com.br\/index.php\/wp-json\/wp\/v2\/media\/9049"}],"wp:attachment":[{"href":"https:\/\/aconteceemmacaeeregiao.com.br\/index.php\/wp-json\/wp\/v2\/media?parent=9047"}],"wp:term":[{"taxonomy":"category","embeddable":true,"href":"https:\/\/aconteceemmacaeeregiao.com.br\/index.php\/wp-json\/wp\/v2\/categories?post=9047"},{"taxonomy":"post_tag","embeddable":true,"href":"https:\/\/aconteceemmacaeeregiao.com.br\/index.php\/wp-json\/wp\/v2\/tags?post=9047"}],"curies":[{"name":"wp","href":"https:\/\/api.w.org\/{rel}","templated":true}]}}