{"id":9051,"date":"2023-04-17T21:32:28","date_gmt":"2023-04-18T00:32:28","guid":{"rendered":"https:\/\/aconteceemmacaeeregiao.com.br\/?p=9051"},"modified":"2023-04-17T21:33:29","modified_gmt":"2023-04-18T00:33:29","slug":"copa-de-futebol-society-de-surdos-reune-atletas-neste-domingo-na-aabb","status":"publish","type":"post","link":"https:\/\/aconteceemmacaeeregiao.com.br\/index.php\/2023\/04\/17\/copa-de-futebol-society-de-surdos-reune-atletas-neste-domingo-na-aabb\/","title":{"rendered":"Copa de Futebol Society de Surdos re\u00fane atletas neste domingo na AABB"},"content":{"rendered":"\n<p>Talento, habilidade e dom\u00ednio de recebimento e drible da bola marcaram neste domingo (16) a 1\u00aa Copa de Futebol Society de Surdos, promovida pela Secretaria de Esportes na quadra da Associa\u00e7\u00e3o Atl\u00e9tica Banco do Brasil (AABB), na Praia Campista. Equipados com chuteiras, mei\u00f5es, cal\u00e7\u00f5es, camisetas e todo o aparato caracter\u00edstico da modalidade, os atletas mostraram preparo f\u00edsico e trabalho em grupo em uma das maiores modalidades de futebol no Brasil.<\/p>\n\n\n\n<p>Wellington Tavares, 26 anos, capit\u00e3o do time de Maca\u00e9 e participante do Bolsa Atleta, informou, por meio da L\u00edngua Brasileira de Sinais, que treina para estar sempre em alto n\u00edvel..<\/p>\n\n\n\n<ul class=\"wp-block-list\">\n<li><a href=\"https:\/\/aconteceemmacaeeregiao.com.br\/index.php\/2023\/04\/03\/marcus-dantas-retorna-ao-macae-e-almeja-ajudar-a-levar-o-clube-de-volta-a-elite\/\" title=\"\">Marcus Dantas retorna ao Maca\u00e9 e almeja ajudar a levar o clube de volta \u00e0 elite<\/a><\/li>\n<\/ul>\n\n\n\n<blockquote class=\"wp-block-quote is-layout-flow wp-block-quote-is-layout-flow\">\n<p>\u201cCampeonatos s\u00e3o importantes para estarmos continuamente motivados\u201d, externou, com a l\u00edngua de modalidade gestual visual.<\/p>\n<\/blockquote>\n\n\n\n<p>Cinco times do Estado do Rio de Janeiro disputaram a 1\u00aa Copa de Futebol Society de Surdos na cidade: Maca\u00e9, Nova Friburgo, Nova Igua\u00e7u, Campo Grande e Campos dos Goytacazes.<\/p>\n\n\n\n<blockquote class=\"wp-block-quote is-layout-flow wp-block-quote-is-layout-flow\">\n<p>\u201cOrganizamos o Futebol Society de Surdos com a entrega de medalhas e trof\u00e9us e nosso objetivo \u00e9 sempre ampliar a inclus\u00e3o para todos\u201d, destacou o secret\u00e1rio de Esportes, Marvel.<\/p>\n<\/blockquote>\n\n\n<div class=\"wp-block-image\">\n<figure class=\"aligncenter size-full\"><img fetchpriority=\"high\" decoding=\"async\" width=\"828\" height=\"600\" src=\"https:\/\/aconteceemmacaeeregiao.com.br\/wp-content\/uploads\/2023\/04\/1681762386.png\" alt=\"\" class=\"wp-image-9053\" srcset=\"https:\/\/aconteceemmacaeeregiao.com.br\/wp-content\/uploads\/2023\/04\/1681762386.png 828w, https:\/\/aconteceemmacaeeregiao.com.br\/wp-content\/uploads\/2023\/04\/1681762386-300x217.png 300w, https:\/\/aconteceemmacaeeregiao.com.br\/wp-content\/uploads\/2023\/04\/1681762386-768x557.png 768w\" sizes=\"(max-width: 828px) 100vw, 828px\" \/><\/figure>\n<\/div>\n\n\n<p>As partidas tiveram in\u00edcio \u00e0s 9 horas e reuniram 90 atletas, incluindo a comiss\u00e3o t\u00e9cnica.<\/p>\n\n\n\n<blockquote class=\"wp-block-quote is-layout-flow wp-block-quote-is-layout-flow\">\n<p>\u201cOs atletas est\u00e3o abrilhantando o futebol society, mostrando que o esporte proporciona qualidade de vida e intera\u00e7\u00e3o social dentro de uma vis\u00e3o ampla e global. Nosso objetivo \u00e9 proporcionar o livre e democr\u00e1tico acesso a todos\u201d, comentou o prefeito Welberth Rezende.<\/p>\n<\/blockquote>\n\n\n\n<p>O time do Centro de Surdos de Maca\u00e9 (Cesma) &#8211; associa\u00e7\u00e3o ligada \u00e0 Federa\u00e7\u00e3o de Surdos do Rio de Janeiro \u2013 representou Maca\u00e9 na Copa. O presidente do Cesma, Luciano Pires da Costa, ressaltou que o campeonato d\u00e1 suporte para a pessoa com defici\u00eancia auditiva crescer na comunidade.<\/p>\n\n\n\n<blockquote class=\"wp-block-quote is-layout-flow wp-block-quote-is-layout-flow\">\n<p>\u201cO futebol society \u00e9 pura anima\u00e7\u00e3o, socializa\u00e7\u00e3o e a copa \u00e9 um incentivo para os atletas continuarem treinando e se dedicando\u201d, pontuou.<\/p>\n<\/blockquote>\n\n\n\n<p><strong>Socializa\u00e7\u00e3o promove inclus\u00e3o e mostra talentos<br><\/strong>De acordo com o coordenador de Inclus\u00e3o Social da Secretaria de Esportes, Andr\u00e9 Concei\u00e7\u00e3o de Carvalho, todo o suporte da prefeitura com a organiza\u00e7\u00e3o, inclusive com ambul\u00e2ncia, visou difundir o esporte para pessoas com defici\u00eancia.<\/p>\n\n\n\n<blockquote class=\"wp-block-quote is-layout-flow wp-block-quote-is-layout-flow\">\n<p>\u201cEstamos mostrando nosso talento com os atletas surdos, denotando toda a import\u00e2ncia do esporte para a socializa\u00e7\u00e3o e toda a parte f\u00edsica como coordena\u00e7\u00e3o motora, equil\u00edbrio, flexibilidade e agilidade\u201d, disse.<\/p>\n<\/blockquote>\n\n\n\n<p>A total inclus\u00e3o social das pessoas com defici\u00eancia foi acentuada pelo subsecret\u00e1rio de Esporte, Rodrigo Caldeira.<\/p>\n\n\n\n<blockquote class=\"wp-block-quote is-layout-flow wp-block-quote-is-layout-flow\">\n<p>\u201cO time de futebol society de surdos de Maca\u00e9 \u00e9 muito talentoso e a implementa\u00e7\u00e3o da inclus\u00e3o social das pessoas com defici\u00eancia ajuda a impulsionar os ambientes sociais para estar ao lado dessas pessoas\u201d, frisou.<\/p>\n<\/blockquote>\n\n\n\n<p>Os times do futebol society devem ter apenas sete jogadores, enquanto no tradicional as equipes t\u00eam onze. A regra tamb\u00e9m \u00e9 diferente na dura\u00e7\u00e3o da partida: o total do futebol tradicional \u00e9 de 90 minutos, mas no society \u00e9 de somente 50 minutos, divididos em tempos de 25 minutos. A arbitragem \u00e9 reduzida no Futebol Society: ela deve ser composta somente por dois \u00e1rbitros, enquanto no tradicional h\u00e1 o \u00e1rbitro oficial mais tr\u00eas assistentes.<\/p>\n\n\n\n<p><em>Por Jornalista Janira Braga\/ Secom Pref.de Maca\u00e9<\/em><\/p>\n","protected":false},"excerpt":{"rendered":"<p>Talento, habilidade e dom\u00ednio de recebimento e drible da bola marcaram neste domingo (16) a 1\u00aa Copa de Futebol Society de Surdos, promovida pela Secretaria de Esportes na quadra da Associa\u00e7\u00e3o Atl\u00e9tica Banco do Brasil (AABB), na Praia Campista. Equipados com chuteiras, mei\u00f5es, cal\u00e7\u00f5es, camisetas e todo o aparato caracter\u00edstico da modalidade, os atletas mostraram [&hellip;]<\/p>\n","protected":false},"author":2,"featured_media":9054,"comment_status":"closed","ping_status":"closed","sticky":false,"template":"","format":"standard","meta":{"postBodyCss":"","postBodyMargin":[],"postBodyPadding":[],"postBodyBackground":{"backgroundType":"classic","gradient":""},"footnotes":""},"categories":[6,42],"tags":[481,110,288,467],"class_list":["post-9051","post","type-post","status-publish","format-standard","has-post-thumbnail","hentry","category-esporte","category-macae","tag-aabb","tag-futebol","tag-inclusao","tag-surdos"],"aioseo_notices":[],"_links":{"self":[{"href":"https:\/\/aconteceemmacaeeregiao.com.br\/index.php\/wp-json\/wp\/v2\/posts\/9051","targetHints":{"allow":["GET"]}}],"collection":[{"href":"https:\/\/aconteceemmacaeeregiao.com.br\/index.php\/wp-json\/wp\/v2\/posts"}],"about":[{"href":"https:\/\/aconteceemmacaeeregiao.com.br\/index.php\/wp-json\/wp\/v2\/types\/post"}],"author":[{"embeddable":true,"href":"https:\/\/aconteceemmacaeeregiao.com.br\/index.php\/wp-json\/wp\/v2\/users\/2"}],"replies":[{"embeddable":true,"href":"https:\/\/aconteceemmacaeeregiao.com.br\/index.php\/wp-json\/wp\/v2\/comments?post=9051"}],"version-history":[{"count":0,"href":"https:\/\/aconteceemmacaeeregiao.com.br\/index.php\/wp-json\/wp\/v2\/posts\/9051\/revisions"}],"wp:featuredmedia":[{"embeddable":true,"href":"https:\/\/aconteceemmacaeeregiao.com.br\/index.php\/wp-json\/wp\/v2\/media\/9054"}],"wp:attachment":[{"href":"https:\/\/aconteceemmacaeeregiao.com.br\/index.php\/wp-json\/wp\/v2\/media?parent=9051"}],"wp:term":[{"taxonomy":"category","embeddable":true,"href":"https:\/\/aconteceemmacaeeregiao.com.br\/index.php\/wp-json\/wp\/v2\/categories?post=9051"},{"taxonomy":"post_tag","embeddable":true,"href":"https:\/\/aconteceemmacaeeregiao.com.br\/index.php\/wp-json\/wp\/v2\/tags?post=9051"}],"curies":[{"name":"wp","href":"https:\/\/api.w.org\/{rel}","templated":true}]}}