{"id":9081,"date":"2023-04-17T23:31:59","date_gmt":"2023-04-18T02:31:59","guid":{"rendered":"https:\/\/aconteceemmacaeeregiao.com.br\/?p=9081"},"modified":"2023-04-17T23:35:18","modified_gmt":"2023-04-18T02:35:18","slug":"imetame-anuncia-lista-de-vagas-offshore-abertas-em-macae-saiba-como-se-candidatar","status":"publish","type":"post","link":"https:\/\/aconteceemmacaeeregiao.com.br\/index.php\/2023\/04\/17\/imetame-anuncia-lista-de-vagas-offshore-abertas-em-macae-saiba-como-se-candidatar\/","title":{"rendered":"Imetame anuncia lista de vagas offshore abertas em Maca\u00e9; saiba como se candidatar"},"content":{"rendered":"\n<p><em><strong>A Imetame est\u00e1 promovendo um processo seletivo em larga escala para preencher diversas vagas offshore no setor de manuten\u00e7\u00e3o industrial.<\/strong><\/em><\/p>\n\n\n\n<p>A Imetame est\u00e1 promovendo um\u00a0<a href=\"https:\/\/aconteceemmacaeeregiao.com.br\/index.php\/2023\/04\/17\/macae-oferece-426-vagas-de-empregos\/\" title=\"\">processo seletivo<\/a>\u00a0em larga escala para preencher diversas vagas offshore no setor de manuten\u00e7\u00e3o industrial, oferecendo uma excelente oportunidade de trabalho na empresa. De acordo com o an\u00fancio, as vagas s\u00e3o para a cidade de Maca\u00e9, no Rio de Janeiro.<\/p>\n\n\n\n<p>A sede da empresa est\u00e1 localizada em Aracruz, no estado do Esp\u00edrito Santo, Brasil. A Imetame possui unidades industriais em v\u00e1rias regi\u00f5es do pa\u00eds, incluindo Bahia, Minas Gerais, S\u00e3o Paulo e Rio de Janeiro. Al\u00e9m disso, a empresa tem presen\u00e7a em projetos internacionais em Angola e Mo\u00e7ambique.<\/p>\n\n\n\n<ul class=\"wp-block-list\">\n<li><strong><a href=\"https:\/\/aconteceemmacaeeregiao.com.br\/index.php\/2023\/04\/17\/o-que-diferencia-os-trabalhadores-segundo-a-sua-geracao\/\" title=\"\"><a href=\"https:\/\/aconteceemmacaeeregiao.com.br\/index.php\/2023\/04\/17\/o-que-diferencia-os-trabalhadores-segundo-a-sua-geracao\/\">O que diferencia os trabalhadores segundo a sua gera\u00e7\u00e3o?<\/a><\/a><\/strong><\/li>\n\n\n\n<li><a href=\"https:\/\/aconteceemmacaeeregiao.com.br\/index.php\/2023\/04\/17\/macae-oferece-426-vagas-de-empregos\/\">Maca\u00e9 oferece 426 vagas de empregos<\/a><\/li>\n\n\n\n<li><a href=\"https:\/\/aconteceemmacaeeregiao.com.br\/index.php\/2023\/04\/12\/revisao-do-fgts-pelo-stf-pode-representar-ganhos-ao-trabalhador\/\">Revis\u00e3o do FGTS pelo STF pode representar ganhos ao trabalhador<\/a><\/li>\n<\/ul>\n\n\n\n<h2 class=\"wp-block-heading\">Confira a lista de vagas de emprego abertas na Imetame, em Maca\u00e9<\/h2>\n\n\n\n<ul class=\"wp-block-list\">\n<li>ASSISTENTE ADMINISTRATIVO<\/li>\n\n\n\n<li>ASSISTENTE DE PRODUCAO<\/li>\n\n\n\n<li>CALDEIREIRO<\/li>\n\n\n\n<li>CALDEIREIRO ESCALADOR<\/li>\n\n\n\n<li>DELINEADOR DE CALDEIRARIA<\/li>\n\n\n\n<li>DELINEADOR DE PINTURA<\/li>\n\n\n\n<li>ELETRICISTA DE MANUTENCAO<\/li>\n\n\n\n<li>ELETRICISTA INSTRUMENTISTA<\/li>\n\n\n\n<li>INSPETOR DE PINTURA<\/li>\n\n\n\n<li>INSPETOR DE PINTURA ESCALADOR<\/li>\n\n\n\n<li>LIDER DE ANDAIME<\/li>\n\n\n\n<li>LIDER DE CALDEIRARIA<\/li>\n\n\n\n<li>LIDER DE PINTURA<\/li>\n\n\n\n<li>MECANICO OPERADOR DE HIDROJATO<\/li>\n\n\n\n<li>MONTADOR DE ANDAIME<\/li>\n\n\n\n<li>PINTOR AIR LESS<\/li>\n\n\n\n<li>PINTOR CONVENCIONAL<\/li>\n\n\n\n<li>PINTOR ESCALADOR<\/li>\n\n\n\n<li>PINTOR HIDROJATISTA<\/li>\n\n\n\n<li>SOLDADOR<\/li>\n\n\n\n<li>SOLDADOR ESCALADOR<\/li>\n\n\n\n<li>SUPERVISOR DE CALDEIRARIA<\/li>\n\n\n\n<li>SUPERVISOR ESCALADOR \u2013 CALDEIRARIA<\/li>\n\n\n\n<li>SUPERVISOR ESCALADOR \u2013 PINTURA<\/li>\n\n\n\n<li>TECNICO DE ACOMPANHAMENTO E CONTROLE (DO, APLAT E CRONOGRAMA) TECNICO DE<\/li>\n\n\n\n<li>SEGURANCA DO TRABALHO<\/li>\n<\/ul>\n\n\n\n<h3 class=\"wp-block-heading\">Envie o curr\u00edculo agora!<\/h3>\n\n\n\n<p>Para se candidatar a uma vaga na Imetame, os profissionais interessados devem enviar um curr\u00edculo atualizado para o endere\u00e7o de e-mail&nbsp;<strong>gestaodetalentos.macae@imetame.com.br<\/strong>, incluindo o nome da vaga desejada no t\u00edtulo do e-mail.<\/p>\n\n\n\n<p>Se preferirem, os candidatos podem enviar o curr\u00edculo via WhatsApp, pelo n\u00famero<strong>&nbsp;(22) 99703-6375<\/strong>. No entanto, esse n\u00famero n\u00e3o aceita chamadas, apenas mensagens via aplicativo. Desejamos boa sorte a todos os candidatos!<\/p>\n\n\n\n<h3 class=\"wp-block-heading\">A Imetame<\/h3>\n\n\n\n<p>A Imetame \u00e9 uma empresa brasileira que atua em v\u00e1rios setores, como energia, minera\u00e7\u00e3o e petroqu\u00edmica. Ela oferece servi\u00e7os de engenharia, constru\u00e7\u00e3o, montagem e manuten\u00e7\u00e3o industrial, al\u00e9m de produzir equipamentos para a ind\u00fastria. A empresa tamb\u00e9m investe em energia renov\u00e1vel e minera\u00e7\u00e3o, e tem como valores a excel\u00eancia, a \u00e9tica, a seguran\u00e7a, a sustentabilidade e o respeito \u00e0s pessoas. A Imetame busca constantemente inovar e agregar valor aos seus servi\u00e7os e produtos.<\/p>\n\n\n\n<p><em>Por SiteO Petrol\u00e9o<\/em><\/p>\n","protected":false},"excerpt":{"rendered":"<p>A Imetame est\u00e1 promovendo um processo seletivo em larga escala para preencher diversas vagas offshore no setor de manuten\u00e7\u00e3o industrial. A Imetame est\u00e1 promovendo um\u00a0processo seletivo\u00a0em larga escala para preencher diversas vagas offshore no setor de manuten\u00e7\u00e3o industrial, oferecendo uma excelente oportunidade de trabalho na empresa. De acordo com o an\u00fancio, as vagas s\u00e3o para [&hellip;]<\/p>\n","protected":false},"author":2,"featured_media":9084,"comment_status":"closed","ping_status":"closed","sticky":false,"template":"","format":"standard","meta":{"postBodyCss":"","postBodyMargin":[],"postBodyPadding":[],"postBodyBackground":{"backgroundType":"classic","gradient":""},"footnotes":""},"categories":[73],"tags":[77,88,82,87],"class_list":["post-9081","post","type-post","status-publish","format-standard","has-post-thumbnail","hentry","category-emprego","tag-emprego","tag-offshore","tag-oportunidade","tag-vagas"],"aioseo_notices":[],"_links":{"self":[{"href":"https:\/\/aconteceemmacaeeregiao.com.br\/index.php\/wp-json\/wp\/v2\/posts\/9081","targetHints":{"allow":["GET"]}}],"collection":[{"href":"https:\/\/aconteceemmacaeeregiao.com.br\/index.php\/wp-json\/wp\/v2\/posts"}],"about":[{"href":"https:\/\/aconteceemmacaeeregiao.com.br\/index.php\/wp-json\/wp\/v2\/types\/post"}],"author":[{"embeddable":true,"href":"https:\/\/aconteceemmacaeeregiao.com.br\/index.php\/wp-json\/wp\/v2\/users\/2"}],"replies":[{"embeddable":true,"href":"https:\/\/aconteceemmacaeeregiao.com.br\/index.php\/wp-json\/wp\/v2\/comments?post=9081"}],"version-history":[{"count":0,"href":"https:\/\/aconteceemmacaeeregiao.com.br\/index.php\/wp-json\/wp\/v2\/posts\/9081\/revisions"}],"wp:featuredmedia":[{"embeddable":true,"href":"https:\/\/aconteceemmacaeeregiao.com.br\/index.php\/wp-json\/wp\/v2\/media\/9084"}],"wp:attachment":[{"href":"https:\/\/aconteceemmacaeeregiao.com.br\/index.php\/wp-json\/wp\/v2\/media?parent=9081"}],"wp:term":[{"taxonomy":"category","embeddable":true,"href":"https:\/\/aconteceemmacaeeregiao.com.br\/index.php\/wp-json\/wp\/v2\/categories?post=9081"},{"taxonomy":"post_tag","embeddable":true,"href":"https:\/\/aconteceemmacaeeregiao.com.br\/index.php\/wp-json\/wp\/v2\/tags?post=9081"}],"curies":[{"name":"wp","href":"https:\/\/api.w.org\/{rel}","templated":true}]}}