{"id":9133,"date":"2023-04-19T20:48:43","date_gmt":"2023-04-19T23:48:43","guid":{"rendered":"https:\/\/aconteceemmacaeeregiao.com.br\/?p=9133"},"modified":"2023-04-19T20:48:43","modified_gmt":"2023-04-19T23:48:43","slug":"shopping-park-lagos-tera-horario-de-funcionamento-diferenciado-nos-feriados","status":"publish","type":"post","link":"https:\/\/aconteceemmacaeeregiao.com.br\/index.php\/2023\/04\/19\/shopping-park-lagos-tera-horario-de-funcionamento-diferenciado-nos-feriados\/","title":{"rendered":"Shopping Park Lagos, ter\u00e1 hor\u00e1rio de funcionamento diferenciado nos feriados\u00a0\u00a0"},"content":{"rendered":"\n<p>O Shopping Park Lagos, em Cabo Frio, ter\u00e1 hor\u00e1rio de funcionamento diferenciado nos feriados desta sexta-feira (21) e domingo (23), dias de Tiradentes e S\u00e3o Jorge.<\/p>\n\n\n\n<p>No Dia de Tiradentes (sexta-feira, 21\/04) e no Dia de S\u00e3o Jorge (domingo, 23\/04), as lojas e os quiosques funcionam das 13h \u00e0s 21h, enquanto a Pra\u00e7a de Alimenta\u00e7\u00e3o, os restaurantes e as atividades de lazer est\u00e3o dispon\u00edveis das 12h \u00e0s 22h. J\u00e1 o Supermarket ficar\u00e1 de portas abertas das 10h \u00e0s 22h.<\/p>\n\n\n\n<p><strong><u>Hor\u00e1rios de Funcionamento Park Lagos \u2013 Feriados de Abril 2023<\/u><\/strong><\/p>\n\n\n\n<p><strong>Dia de Tiradentes (sexta-feira, 21\/04)<\/strong><\/p>\n\n\n\n<p><strong>Dia de S\u00e3o Jorge (domingo, 23\/04)<\/strong><\/p>\n\n\n\n<p><strong>. Lojas e Quiosques:&nbsp;<\/strong>das 13h \u00e0s 21h<\/p>\n\n\n\n<p><strong>. Pra\u00e7a de Alimenta\u00e7\u00e3o e Lazer:&nbsp;<\/strong>das 12h \u00e0s 22h<\/p>\n\n\n\n<p><strong>. Supermarket:&nbsp;<\/strong>das 10h \u00e0s 22h<\/p>\n","protected":false},"excerpt":{"rendered":"<p>O Shopping Park Lagos, em Cabo Frio, ter\u00e1 hor\u00e1rio de funcionamento diferenciado nos feriados desta sexta-feira (21) e domingo (23), dias de Tiradentes e S\u00e3o Jorge. No Dia de Tiradentes (sexta-feira, 21\/04) e no Dia de S\u00e3o Jorge (domingo, 23\/04), as lojas e os quiosques funcionam das 13h \u00e0s 21h, enquanto a Pra\u00e7a de Alimenta\u00e7\u00e3o, [&hellip;]<\/p>\n","protected":false},"author":2,"featured_media":9137,"comment_status":"closed","ping_status":"closed","sticky":false,"template":"","format":"standard","meta":{"postBodyCss":"","postBodyMargin":[],"postBodyPadding":[],"postBodyBackground":{"backgroundType":"classic","gradient":""},"footnotes":""},"categories":[155,43],"tags":[487,289],"class_list":["post-9133","post","type-post","status-publish","format-standard","has-post-thumbnail","hentry","category-cabo-frio","category-regiao","tag-feriado","tag-shopping-park-lagos"],"aioseo_notices":[],"_links":{"self":[{"href":"https:\/\/aconteceemmacaeeregiao.com.br\/index.php\/wp-json\/wp\/v2\/posts\/9133","targetHints":{"allow":["GET"]}}],"collection":[{"href":"https:\/\/aconteceemmacaeeregiao.com.br\/index.php\/wp-json\/wp\/v2\/posts"}],"about":[{"href":"https:\/\/aconteceemmacaeeregiao.com.br\/index.php\/wp-json\/wp\/v2\/types\/post"}],"author":[{"embeddable":true,"href":"https:\/\/aconteceemmacaeeregiao.com.br\/index.php\/wp-json\/wp\/v2\/users\/2"}],"replies":[{"embeddable":true,"href":"https:\/\/aconteceemmacaeeregiao.com.br\/index.php\/wp-json\/wp\/v2\/comments?post=9133"}],"version-history":[{"count":0,"href":"https:\/\/aconteceemmacaeeregiao.com.br\/index.php\/wp-json\/wp\/v2\/posts\/9133\/revisions"}],"wp:featuredmedia":[{"embeddable":true,"href":"https:\/\/aconteceemmacaeeregiao.com.br\/index.php\/wp-json\/wp\/v2\/media\/9137"}],"wp:attachment":[{"href":"https:\/\/aconteceemmacaeeregiao.com.br\/index.php\/wp-json\/wp\/v2\/media?parent=9133"}],"wp:term":[{"taxonomy":"category","embeddable":true,"href":"https:\/\/aconteceemmacaeeregiao.com.br\/index.php\/wp-json\/wp\/v2\/categories?post=9133"},{"taxonomy":"post_tag","embeddable":true,"href":"https:\/\/aconteceemmacaeeregiao.com.br\/index.php\/wp-json\/wp\/v2\/tags?post=9133"}],"curies":[{"name":"wp","href":"https:\/\/api.w.org\/{rel}","templated":true}]}}