{"id":9139,"date":"2023-04-19T20:56:18","date_gmt":"2023-04-19T23:56:18","guid":{"rendered":"https:\/\/aconteceemmacaeeregiao.com.br\/?p=9139"},"modified":"2023-04-19T20:56:19","modified_gmt":"2023-04-19T23:56:19","slug":"claudio-castro-tem-rodada-de-negocios-com-investidores-na-inglaterra","status":"publish","type":"post","link":"https:\/\/aconteceemmacaeeregiao.com.br\/index.php\/2023\/04\/19\/claudio-castro-tem-rodada-de-negocios-com-investidores-na-inglaterra\/","title":{"rendered":"<strong>Cl\u00e1udio Castro tem rodada de neg\u00f3cios com investidores na Inglaterra<\/strong>"},"content":{"rendered":"\n<p><em><strong>Governador apresentou a diversifica\u00e7\u00e3o da economia fluminense na Canning House, organiza\u00e7\u00e3o brit\u00e2nica que re\u00fane empres\u00e1rios de todo o mundo<\/strong><\/em><\/p>\n\n\n\n<p>O governador Cl\u00e1udio Castro participou, nesta quarta-feira (19\/04), de uma rodada de neg\u00f3cios com investidores europeus e brasileiros na Canning House, organiza\u00e7\u00e3o brit\u00e2nica n\u00e3o-governamental e sem fins lucrativos dedicada \u00e0 discuss\u00e3o de assuntos sociais, pol\u00edticos e econ\u00f4micos na Am\u00e9rica Latina. No encontro, foi destacada a diversifica\u00e7\u00e3o da economia fluminense.<\/p>\n\n\n\n<p>Durante o debate, que teve como tema o &#8220;Panorama pol\u00edtico e econ\u00f4mico do Rio de Janeiro&#8221;, foram apresentadas as novas perspectivas de desenvolvimento em \u00e1reas como economia verde e do mar, infraestrutura, tecnologia e log\u00edstica. Segundo Castro, o estado est\u00e1 no caminho do crescimento com foco no desenvolvimento sustent\u00e1vel.<\/p>\n\n\n\n<p>&#8211; A discuss\u00e3o com representantes de importantes institui\u00e7\u00f5es ajuda na capta\u00e7\u00e3o de neg\u00f3cios. Sa\u00edmos com outros encontros marcados no Rio para conversarmos sobre a constru\u00e7\u00e3o de novos projetos econ\u00f4micos e parcerias, que t\u00eam sempre como meta a busca de melhorias para a popula\u00e7\u00e3o &#8211; explicou o governador.<\/p>\n\n\n\n<p>Com um ambiente de neg\u00f3cios est\u00e1vel, o estado ocupa hoje o 3\u00b0 lugar no ranking nacional de abertura de neg\u00f3cios. Foram mais de 295 mil empreendimentos em 2022. Apenas em mar\u00e7o de 2023, a Jucerja registrou um recorde hist\u00f3rico de aberturas de empresas em 214 anos, com 6.709 novos neg\u00f3cios. No total, o Estado do Rio tem mais de 1,7 milh\u00e3o de empreendimentos ativos.<\/p>\n\n\n\n<p>&#8211; Atra\u00edmos para o Rio empresas que tamb\u00e9m s\u00e3o refer\u00eancias no mundo: a brasileira Magazine Luiza, a americana Amazon, a mexicana Kavak, a indiana EPL e a su\u00ed\u00e7a Zurich Airport. Al\u00e9m disso, grandes companhias foram ampliadas, como a Jaguar, maior fabricante de autom\u00f3veis do Reino Unido &#8211; destacou o secret\u00e1rio de Desenvolvimento Econ\u00f4mico, Ind\u00fastria, Com\u00e9rcio e Servi\u00e7os, Vinicius Farah.<\/p>\n\n\n\n<p><strong>Canning House<\/strong><\/p>\n\n\n\n<p>A organiza\u00e7\u00e3o realiza confer\u00eancias e semin\u00e1rios geopol\u00edticos, socioecon\u00f4micos e de neg\u00f3cios e auxilia na formula\u00e7\u00e3o de pol\u00edticas e na dissemina\u00e7\u00e3o de melhores pr\u00e1ticas.<\/p>\n\n\n\n<p>&#8211; O debate que realizamos hoje foi bastante proveitoso para os representantes das empresas e tenho certeza que tamb\u00e9m para o Governo do Estado &#8211; disse o CEO da Canning House, Jemery Browne.<\/p>\n\n\n\n<p>Tamb\u00e9m participaram da rodada de neg\u00f3cios os secret\u00e1rios da Casa Civil, Nicola Miccione, e de Energia e Economia do Mar, Hugo Leal, e o subsecret\u00e1rio de Comunica\u00e7\u00e3o Social, Igor Marques.<\/p>\n\n\n\n<p><strong>C\u00e2mara de Com\u00e9rcio<\/strong><\/p>\n\n\n\n<p>Ainda nesta quarta-feira, o governador e a Comitiva do Governo do Rio participam de um evento na C\u00e2mara de Com\u00e9rcio Brasileira no Reino Unido. Os temas s\u00e3o investimentos no estado, energia renov\u00e1vel e concess\u00e3o do saneamento.<\/p>\n\n\n\n<p><em>Por Secom Gov. do Estado RJ<\/em><\/p>\n","protected":false},"excerpt":{"rendered":"<p>Governador apresentou a diversifica\u00e7\u00e3o da economia fluminense na Canning House, organiza\u00e7\u00e3o brit\u00e2nica que re\u00fane empres\u00e1rios de todo o mundo O governador Cl\u00e1udio Castro participou, nesta quarta-feira (19\/04), de uma rodada de neg\u00f3cios com investidores europeus e brasileiros na Canning House, organiza\u00e7\u00e3o brit\u00e2nica n\u00e3o-governamental e sem fins lucrativos dedicada \u00e0 discuss\u00e3o de assuntos sociais, pol\u00edticos e [&hellip;]<\/p>\n","protected":false},"author":2,"featured_media":9141,"comment_status":"closed","ping_status":"closed","sticky":false,"template":"","format":"standard","meta":{"postBodyCss":"","postBodyMargin":[],"postBodyPadding":[],"postBodyBackground":{"backgroundType":"classic","gradient":""},"footnotes":""},"categories":[45,43],"tags":[121,490,174],"class_list":["post-9139","post","type-post","status-publish","format-standard","has-post-thumbnail","hentry","category-economia","category-regiao","tag-governo-estadual","tag-inglaterra","tag-investimentos"],"aioseo_notices":[],"_links":{"self":[{"href":"https:\/\/aconteceemmacaeeregiao.com.br\/index.php\/wp-json\/wp\/v2\/posts\/9139","targetHints":{"allow":["GET"]}}],"collection":[{"href":"https:\/\/aconteceemmacaeeregiao.com.br\/index.php\/wp-json\/wp\/v2\/posts"}],"about":[{"href":"https:\/\/aconteceemmacaeeregiao.com.br\/index.php\/wp-json\/wp\/v2\/types\/post"}],"author":[{"embeddable":true,"href":"https:\/\/aconteceemmacaeeregiao.com.br\/index.php\/wp-json\/wp\/v2\/users\/2"}],"replies":[{"embeddable":true,"href":"https:\/\/aconteceemmacaeeregiao.com.br\/index.php\/wp-json\/wp\/v2\/comments?post=9139"}],"version-history":[{"count":0,"href":"https:\/\/aconteceemmacaeeregiao.com.br\/index.php\/wp-json\/wp\/v2\/posts\/9139\/revisions"}],"wp:featuredmedia":[{"embeddable":true,"href":"https:\/\/aconteceemmacaeeregiao.com.br\/index.php\/wp-json\/wp\/v2\/media\/9141"}],"wp:attachment":[{"href":"https:\/\/aconteceemmacaeeregiao.com.br\/index.php\/wp-json\/wp\/v2\/media?parent=9139"}],"wp:term":[{"taxonomy":"category","embeddable":true,"href":"https:\/\/aconteceemmacaeeregiao.com.br\/index.php\/wp-json\/wp\/v2\/categories?post=9139"},{"taxonomy":"post_tag","embeddable":true,"href":"https:\/\/aconteceemmacaeeregiao.com.br\/index.php\/wp-json\/wp\/v2\/tags?post=9139"}],"curies":[{"name":"wp","href":"https:\/\/api.w.org\/{rel}","templated":true}]}}