{"id":9158,"date":"2023-04-19T21:40:47","date_gmt":"2023-04-20T00:40:47","guid":{"rendered":"https:\/\/aconteceemmacaeeregiao.com.br\/?p=9158"},"modified":"2023-04-19T21:40:48","modified_gmt":"2023-04-20T00:40:48","slug":"vestibular-cederj-inscricoes-abertas-ate-sete-de-maio","status":"publish","type":"post","link":"https:\/\/aconteceemmacaeeregiao.com.br\/index.php\/2023\/04\/19\/vestibular-cederj-inscricoes-abertas-ate-sete-de-maio\/","title":{"rendered":"Vestibular Cederj: inscri\u00e7\u00f5es abertas at\u00e9 sete de maio"},"content":{"rendered":"\n<p>O Vestibular Cederj 2023.2 abre inscri\u00e7\u00f5es para preenchimento de 7.589 vagas nos cursos de gradua\u00e7\u00e3o. Os candidatos j\u00e1 podem fazer a inscri\u00e7\u00e3o para os 16 <a href=\"https:\/\/aconteceemmacaeeregiao.com.br\/?s=educa%C3%A7%C3%A3o\" title=\"\">cursos<\/a> ofertados de forma gratuita e na modalidade semipresencial. O prazo \u00e9 at\u00e9 07 de maio, exclusivamente pela p\u00e1gina\u00a0<a href=\"http:\/\/www.cecierj.edu.br\/consorcio-cederj\/vestibular\/2023-2\/\">www.cecierj.edu.br\/consorcio-cederj\/vestibular\/2023-2\/<\/a>.<\/p>\n\n\n\n<p>A taxa \u00e9 no valor de R$ 89,90 e pode ser paga at\u00e9 08 de maio. O Cons\u00f3rcio Cederj re\u00fane institui\u00e7\u00f5es de ensino superior sediadas no Estado do Rio e \u00e9 coordenado pela Funda\u00e7\u00e3o Cecierj, vinculada \u00e0 Secretaria de Estado de Ci\u00eancia, Tecnologia e Inova\u00e7\u00e3o.<br><br>Em Maca\u00e9 s\u00e3o 368 vagas. Os cursos ofertados no munic\u00edpio s\u00e3o: Administra\u00e7\u00e3o (UFRRJ), Administra\u00e7\u00e3o P\u00fablica (UFF), Ci\u00eancias Biol\u00f3gicas (UENF), Ci\u00eancias Cont\u00e1beis (UFF), Engenharia de Produ\u00e7\u00e3o (UFF), F\u00edsica (UFRJ), Matem\u00e1tica (UFF), Pedagogia (UNIRIO) e Turismo (UNIRIO). O polo Cederj no munic\u00edpio funciona na Cidade Universit\u00e1ria e comp\u00f5e a estrutura da Secretaria Municipal Adjunta de Ensino Superior.<br><br>Atualmente, o Estado do Rio conta com 42 Polos Cederj, que s\u00e3o a refer\u00eancia f\u00edsica da institui\u00e7\u00e3o de ensino no munic\u00edpio que o aluno escolheu para estudar.<br><br>Os cursos oferecidos no Vestibular Cederj 2023.2 s\u00e3o: Administra\u00e7\u00e3o, Administra\u00e7\u00e3o P\u00fablica, Ci\u00eancias Cont\u00e1beis, Engenharia de Produ\u00e7\u00e3o, Ci\u00eancias Biol\u00f3gicas, F\u00edsica, Geografia, Hist\u00f3ria, Letras, Matem\u00e1tica, Pedagogia, Qu\u00edmica, Turismo, Tecnologia em Sistemas de Computa\u00e7\u00e3o, Tecnologia em Gest\u00e3o de Turismo e Tecnologia em Seguran\u00e7a P\u00fablica.<br><br>O concurso contar\u00e1 com aproveitamento de notas de mais de uma edi\u00e7\u00e3o do Exame Nacional do Ensino M\u00e9dio (Enem). O candidato que pretende utilizar a nota do Enem deve prestar aten\u00e7\u00e3o \u00e0s regras definidas por cada universidade.<\/p>\n\n\n\n<p><em>Por Jornalista Renatta Viana\/Secom pref. de Maca\u00e9<\/em><\/p>\n","protected":false},"excerpt":{"rendered":"<p>O Vestibular Cederj 2023.2 abre inscri\u00e7\u00f5es para preenchimento de 7.589 vagas nos cursos de gradua\u00e7\u00e3o. Os candidatos j\u00e1 podem fazer a inscri\u00e7\u00e3o para os 16 cursos ofertados de forma gratuita e na modalidade semipresencial. O prazo \u00e9 at\u00e9 07 de maio, exclusivamente pela p\u00e1gina\u00a0www.cecierj.edu.br\/consorcio-cederj\/vestibular\/2023-2\/. A taxa \u00e9 no valor de R$ 89,90 e pode ser [&hellip;]<\/p>\n","protected":false},"author":2,"featured_media":9160,"comment_status":"closed","ping_status":"closed","sticky":false,"template":"","format":"standard","meta":{"postBodyCss":"","postBodyMargin":[],"postBodyPadding":[],"postBodyBackground":{"backgroundType":"classic","gradient":""},"footnotes":""},"categories":[61,43],"tags":[444],"class_list":["post-9158","post","type-post","status-publish","format-standard","has-post-thumbnail","hentry","category-educacao","category-regiao","tag-vestibular"],"aioseo_notices":[],"_links":{"self":[{"href":"https:\/\/aconteceemmacaeeregiao.com.br\/index.php\/wp-json\/wp\/v2\/posts\/9158","targetHints":{"allow":["GET"]}}],"collection":[{"href":"https:\/\/aconteceemmacaeeregiao.com.br\/index.php\/wp-json\/wp\/v2\/posts"}],"about":[{"href":"https:\/\/aconteceemmacaeeregiao.com.br\/index.php\/wp-json\/wp\/v2\/types\/post"}],"author":[{"embeddable":true,"href":"https:\/\/aconteceemmacaeeregiao.com.br\/index.php\/wp-json\/wp\/v2\/users\/2"}],"replies":[{"embeddable":true,"href":"https:\/\/aconteceemmacaeeregiao.com.br\/index.php\/wp-json\/wp\/v2\/comments?post=9158"}],"version-history":[{"count":0,"href":"https:\/\/aconteceemmacaeeregiao.com.br\/index.php\/wp-json\/wp\/v2\/posts\/9158\/revisions"}],"wp:featuredmedia":[{"embeddable":true,"href":"https:\/\/aconteceemmacaeeregiao.com.br\/index.php\/wp-json\/wp\/v2\/media\/9160"}],"wp:attachment":[{"href":"https:\/\/aconteceemmacaeeregiao.com.br\/index.php\/wp-json\/wp\/v2\/media?parent=9158"}],"wp:term":[{"taxonomy":"category","embeddable":true,"href":"https:\/\/aconteceemmacaeeregiao.com.br\/index.php\/wp-json\/wp\/v2\/categories?post=9158"},{"taxonomy":"post_tag","embeddable":true,"href":"https:\/\/aconteceemmacaeeregiao.com.br\/index.php\/wp-json\/wp\/v2\/tags?post=9158"}],"curies":[{"name":"wp","href":"https:\/\/api.w.org\/{rel}","templated":true}]}}