{"id":9175,"date":"2023-04-20T21:08:34","date_gmt":"2023-04-21T00:08:34","guid":{"rendered":"https:\/\/aconteceemmacaeeregiao.com.br\/?p=9175"},"modified":"2023-04-20T21:08:35","modified_gmt":"2023-04-21T00:08:35","slug":"onibus-por-aplicativo-atraem-viajantes-da-regiao-dos-lagos","status":"publish","type":"post","link":"https:\/\/aconteceemmacaeeregiao.com.br\/index.php\/2023\/04\/20\/onibus-por-aplicativo-atraem-viajantes-da-regiao-dos-lagos\/","title":{"rendered":"\u00d4nibus por aplicativo atraem viajantes da Regi\u00e3o dos Lagos"},"content":{"rendered":"\n<p><em><strong>Buser prev\u00ea transportar cerca de 5,5 mil passageiros em Cabo Frio, B\u00fazios e Arraial do Cabo no feriad\u00e3o de Tiradentes. Movimento representa um aumento de 30% em rela\u00e7\u00e3o a um fim de semana normal.<\/strong><\/em><\/p>\n\n\n\n<p>A procura por viagens de \u00f4nibus para aproveitar o feriad\u00e3o de Tiradentes vem registrando um forte crescimento no Rio de Janeiro. Nos munic\u00edpios da Regi\u00e3o dos Lagos, por exemplo, a estimativa da startup Buser \u00e9 transportar cerca de&nbsp;<strong>5,5 mil passageiros<\/strong>&nbsp;at\u00e9 o pr\u00f3ximo domingo (23\/4), um volume de viajantes 30% acima do movimento de um final de semana normal.<\/p>\n\n\n\n<p>Desse total, a estimativa \u00e9 de que&nbsp;<strong>3.500 viajantes devem chegar nas cidades de Cabo Frio, Arraial do Cabo e B\u00fazios<\/strong>&nbsp;para aproveitar o final de semana prolongado. O volume de chegadas representa quase 64% do total de passageiros previstos pela plataforma na regi\u00e3o no feriado.<\/p>\n\n\n\n<p>S\u00f3 em Cabo Frio, a previs\u00e3o \u00e9 transportar 3,3 mil passageiros no per\u00edodo. A maioria dos turistas que v\u00e3o visitar a cidade do litoral fluminense s\u00e3o de Belo Horizonte e Juiz de Fora (MG). J\u00e1 em Arraial do Cabo, o volume de viajantes transportados \u00e9 estimado em 1,4 mil no feriado . S\u00e3o Paulo, BH e Rio de Janeiro s\u00e3o as principais cidades de origem dos turistas.<\/p>\n\n\n\n<p>Maior plataforma de intermedia\u00e7\u00e3o de viagens rodovi\u00e1rias do Brasil, a Buser tem como principal servi\u00e7o o fretamento colaborativo.&nbsp;\u201cNesse modelo, n\u00e3o h\u00e1 venda de passagens. \u00c9 feito o rateio do custo do frete do \u00f4nibus entre os viajantes. Isso permite oferecer pre\u00e7os mais justos do que as empresas de rodovi\u00e1ria\u201d, explica o gerente de Opera\u00e7\u00f5es da Buser, Leonardo Sousa.<\/p>\n\n\n\n<p>Por conta do pre\u00e7o mais baixo das viagens no fretamento colaborativo, a Buser tamb\u00e9m cria demanda. \u201cCerca de 20% dos nossos passageiros de alta temporada n\u00e3o viajariam de outro jeito se n\u00e3o fosse pela nossa plataforma. Isso fez o nosso modelo cair nas gra\u00e7as dos brasileiros. No fretamento colaborativo, o embarque \u00e9 fora da rodovi\u00e1ria, o que acaba sendo muito pr\u00e1tico e defendido por nossos clientes\u201d, afirma Sousa.<\/p>\n\n\n\n<p>A startup tamb\u00e9m opera no modelo de marketplace, fazendo a revenda de passagens de \u00f4nibus em parceria com empresas de linha, que atuam nas rodovi\u00e1rias.<\/p>\n\n\n\n<p><em>Por Maur\u00edcio Macedo\/ Assessor de Imprensa F7 Comunica\u00e7\u00e3o<\/em><\/p>\n","protected":false},"excerpt":{"rendered":"<p>Buser prev\u00ea transportar cerca de 5,5 mil passageiros em Cabo Frio, B\u00fazios e Arraial do Cabo no feriad\u00e3o de Tiradentes. Movimento representa um aumento de 30% em rela\u00e7\u00e3o a um fim de semana normal. A procura por viagens de \u00f4nibus para aproveitar o feriad\u00e3o de Tiradentes vem registrando um forte crescimento no Rio de Janeiro. [&hellip;]<\/p>\n","protected":false},"author":2,"featured_media":9180,"comment_status":"closed","ping_status":"closed","sticky":false,"template":"","format":"standard","meta":{"postBodyCss":"","postBodyMargin":[],"postBodyPadding":[],"postBodyBackground":{"backgroundType":"classic","gradient":""},"footnotes":""},"categories":[287,168,155,43,116],"tags":[487,494],"class_list":["post-9175","post","type-post","status-publish","format-standard","has-post-thumbnail","hentry","category-arraial-do-cabo","category-buzios","category-cabo-frio","category-regiao","category-viagem","tag-feriado","tag-regiao-dos-lagos"],"aioseo_notices":[],"_links":{"self":[{"href":"https:\/\/aconteceemmacaeeregiao.com.br\/index.php\/wp-json\/wp\/v2\/posts\/9175","targetHints":{"allow":["GET"]}}],"collection":[{"href":"https:\/\/aconteceemmacaeeregiao.com.br\/index.php\/wp-json\/wp\/v2\/posts"}],"about":[{"href":"https:\/\/aconteceemmacaeeregiao.com.br\/index.php\/wp-json\/wp\/v2\/types\/post"}],"author":[{"embeddable":true,"href":"https:\/\/aconteceemmacaeeregiao.com.br\/index.php\/wp-json\/wp\/v2\/users\/2"}],"replies":[{"embeddable":true,"href":"https:\/\/aconteceemmacaeeregiao.com.br\/index.php\/wp-json\/wp\/v2\/comments?post=9175"}],"version-history":[{"count":0,"href":"https:\/\/aconteceemmacaeeregiao.com.br\/index.php\/wp-json\/wp\/v2\/posts\/9175\/revisions"}],"wp:featuredmedia":[{"embeddable":true,"href":"https:\/\/aconteceemmacaeeregiao.com.br\/index.php\/wp-json\/wp\/v2\/media\/9180"}],"wp:attachment":[{"href":"https:\/\/aconteceemmacaeeregiao.com.br\/index.php\/wp-json\/wp\/v2\/media?parent=9175"}],"wp:term":[{"taxonomy":"category","embeddable":true,"href":"https:\/\/aconteceemmacaeeregiao.com.br\/index.php\/wp-json\/wp\/v2\/categories?post=9175"},{"taxonomy":"post_tag","embeddable":true,"href":"https:\/\/aconteceemmacaeeregiao.com.br\/index.php\/wp-json\/wp\/v2\/tags?post=9175"}],"curies":[{"name":"wp","href":"https:\/\/api.w.org\/{rel}","templated":true}]}}