{"id":9190,"date":"2023-04-20T21:58:33","date_gmt":"2023-04-21T00:58:33","guid":{"rendered":"https:\/\/aconteceemmacaeeregiao.com.br\/?p=9190"},"modified":"2023-04-20T21:58:34","modified_gmt":"2023-04-21T00:58:34","slug":"governo-e-policia-civil-reforcam-estrategia-de-seguranca-para-macae","status":"publish","type":"post","link":"https:\/\/aconteceemmacaeeregiao.com.br\/index.php\/2023\/04\/20\/governo-e-policia-civil-reforcam-estrategia-de-seguranca-para-macae\/","title":{"rendered":"Governo e Pol\u00edcia Civil refor\u00e7am estrat\u00e9gia de seguran\u00e7a para Maca\u00e9"},"content":{"rendered":"\n<p>A parceria voltada a garantir a expans\u00e3o das a\u00e7\u00f5es de seguran\u00e7a em todas as regi\u00f5es de Maca\u00e9, a partir do refor\u00e7o do efetivo de agentes em atividade, foi estabelecida nesta quinta-feira (20) entre o governo municipal e a Pol\u00edcia Civil. A celebra\u00e7\u00e3o de conv\u00eanio para a ades\u00e3o ao Regime Adicional de Servi\u00e7os (RAS) foi confirmada pelo prefeito Welberth Rezende diante da proposta apresentada pelo Delegado da 123\u00aa Delegacia de Pol\u00edcia, Pedro Em\u00edlio Braga.<\/p>\n\n\n\n<p>A parceria pode dobrar o efetivo de plant\u00e3o dos agentes da Pol\u00edcia Civil em Maca\u00e9, permitindo assim a atua\u00e7\u00e3o de policiais em hor\u00e1rio extra, o que refor\u00e7a as a\u00e7\u00f5es de intelig\u00eancia e investiga\u00e7\u00e3o de crimes, melhorando tamb\u00e9m o atendimento \u00e0 popula\u00e7\u00e3o da cidade.<\/p>\n\n\n\n<ul class=\"wp-block-list\">\n<li><a href=\"https:\/\/aconteceemmacaeeregiao.com.br\/index.php\/2023\/04\/15\/escolas-sob-ameaca-especialista-alerta-sobre-a-necessidade-de-frear-o-efeito-contagio\/\"><strong>Escolas sob amea\u00e7a: especialista alerta sobre a necessidade de frear o \u2018efeito cont\u00e1gio\u2019<\/strong><\/a><\/li>\n\n\n\n<li><a href=\"https:\/\/aconteceemmacaeeregiao.com.br\/index.php\/2023\/04\/13\/claudio-castro-reafirma-importancia-da-integracao-das-forcas-de-seguranca-no-combate-a-criminalidade\/\"><strong>Cl\u00e1udio Castro reafirma import\u00e2ncia da integra\u00e7\u00e3o das for\u00e7as de seguran\u00e7a no combate \u00e0 criminalidade<\/strong><\/a><\/li>\n<\/ul>\n\n\n\n<blockquote class=\"wp-block-quote is-layout-flow wp-block-quote-is-layout-flow\">\n<p>\u201cAgrade\u00e7o muito o trabalho e a dedica\u00e7\u00e3o dos agentes da Pol\u00edcia Civil que nos apresentam a disposi\u00e7\u00e3o de promover um trabalho efetivo em Maca\u00e9. A seguran\u00e7a \u00e9 prioridade para o governo, por representar um setor que garante o suporte necess\u00e1rio \u00e0 nova etapa de desenvolvimento da cidade. Fortalecer o trabalho da Pol\u00edcia Civil complementa as nossas estrat\u00e9gias de suporte \u00e0s for\u00e7as de seguran\u00e7a, como o conv\u00eanio j\u00e1 celebrado com a Pol\u00edcia Militar e as novas atribui\u00e7\u00f5es da nossa Guarda. Maca\u00e9 mais segura representa tamb\u00e9m mais qualidade de vida para a popula\u00e7\u00e3o\u201d, destacou o prefeito.<\/p>\n<\/blockquote>\n\n\n\n<p>A parceria entre o governo e a Pol\u00edcia Civil vai garantir tamb\u00e9m o refor\u00e7o no trabalho administrativo da delegacia, com a atua\u00e7\u00e3o de estagi\u00e1rios e servidores cedidos, processo importante para o andamento das investiga\u00e7\u00f5es de ocorr\u00eancias.<\/p>\n\n\n\n<p>O delegado da 123\u00aa DP afirmou que a parceria com a prefeitura garantir\u00e1 o cumprimento de uma das principais estrat\u00e9gias de a\u00e7\u00e3o da Pol\u00edcia Civil: ampliar o cumprimento de mandados de pris\u00e3o na cidade, al\u00e9m de garantir maior acolhimento e assist\u00eancia aos macaenses.<\/p>\n\n\n\n<blockquote class=\"wp-block-quote is-layout-flow wp-block-quote-is-layout-flow\">\n<p>\u201cA proposta \u00e9 ampliar a nossa for\u00e7a de trabalho para aumentar nossa capacidade investigativa e cumprir mais ordens de pris\u00e3o. O objetivo \u00e9 refor\u00e7ar a atua\u00e7\u00e3o da presen\u00e7a do Estado na seguran\u00e7a de Maca\u00e9 e mostrar, em qualquer espa\u00e7o da cidade que se houver viol\u00eancia, que o autor ser\u00e1 identificado e preso\u201d, destacou Pedro.<\/p>\n<\/blockquote>\n\n\n\n<p>A reuni\u00e3o entre o prefeito e o delegado tamb\u00e9m contou com a participa\u00e7\u00e3o dos secret\u00e1rios de Governo, Juninho Luna, e de Recursos Humanos, Arist\u00f3fanis Quirino, al\u00e9m dos Procuradores Geral do Munic\u00edpio, Fabiano Paschoal, e de Licita\u00e7\u00f5es e Contratos, Gustavo Gusm\u00e3o.<\/p>\n\n\n\n<p><em>Por Jornalista M\u00e1rcio Siqueira\/ Secom Pref. de Maca\u00e9<\/em><\/p>\n","protected":false},"excerpt":{"rendered":"<p>A parceria voltada a garantir a expans\u00e3o das a\u00e7\u00f5es de seguran\u00e7a em todas as regi\u00f5es de Maca\u00e9, a partir do refor\u00e7o do efetivo de agentes em atividade, foi estabelecida nesta quinta-feira (20) entre o governo municipal e a Pol\u00edcia Civil. A celebra\u00e7\u00e3o de conv\u00eanio para a ades\u00e3o ao Regime Adicional de Servi\u00e7os (RAS) foi confirmada [&hellip;]<\/p>\n","protected":false},"author":2,"featured_media":9192,"comment_status":"closed","ping_status":"closed","sticky":false,"template":"","format":"standard","meta":{"postBodyCss":"","postBodyMargin":[],"postBodyPadding":[],"postBodyBackground":{"backgroundType":"classic","gradient":""},"footnotes":""},"categories":[42,47],"tags":[96,496,119],"class_list":["post-9190","post","type-post","status-publish","format-standard","has-post-thumbnail","hentry","category-macae","category-ocorrencias","tag-123-dp","tag-policia-civil","tag-seguranca-publica"],"aioseo_notices":[],"_links":{"self":[{"href":"https:\/\/aconteceemmacaeeregiao.com.br\/index.php\/wp-json\/wp\/v2\/posts\/9190","targetHints":{"allow":["GET"]}}],"collection":[{"href":"https:\/\/aconteceemmacaeeregiao.com.br\/index.php\/wp-json\/wp\/v2\/posts"}],"about":[{"href":"https:\/\/aconteceemmacaeeregiao.com.br\/index.php\/wp-json\/wp\/v2\/types\/post"}],"author":[{"embeddable":true,"href":"https:\/\/aconteceemmacaeeregiao.com.br\/index.php\/wp-json\/wp\/v2\/users\/2"}],"replies":[{"embeddable":true,"href":"https:\/\/aconteceemmacaeeregiao.com.br\/index.php\/wp-json\/wp\/v2\/comments?post=9190"}],"version-history":[{"count":0,"href":"https:\/\/aconteceemmacaeeregiao.com.br\/index.php\/wp-json\/wp\/v2\/posts\/9190\/revisions"}],"wp:featuredmedia":[{"embeddable":true,"href":"https:\/\/aconteceemmacaeeregiao.com.br\/index.php\/wp-json\/wp\/v2\/media\/9192"}],"wp:attachment":[{"href":"https:\/\/aconteceemmacaeeregiao.com.br\/index.php\/wp-json\/wp\/v2\/media?parent=9190"}],"wp:term":[{"taxonomy":"category","embeddable":true,"href":"https:\/\/aconteceemmacaeeregiao.com.br\/index.php\/wp-json\/wp\/v2\/categories?post=9190"},{"taxonomy":"post_tag","embeddable":true,"href":"https:\/\/aconteceemmacaeeregiao.com.br\/index.php\/wp-json\/wp\/v2\/tags?post=9190"}],"curies":[{"name":"wp","href":"https:\/\/api.w.org\/{rel}","templated":true}]}}