{"id":9198,"date":"2023-04-22T17:20:26","date_gmt":"2023-04-22T20:20:26","guid":{"rendered":"https:\/\/aconteceemmacaeeregiao.com.br\/?p=9198"},"modified":"2023-04-23T17:21:54","modified_gmt":"2023-04-23T20:21:54","slug":"precisao-de-competidores-e-robustez-de-equinos-marcam-macae-horse-fest","status":"publish","type":"post","link":"https:\/\/aconteceemmacaeeregiao.com.br\/index.php\/2023\/04\/22\/precisao-de-competidores-e-robustez-de-equinos-marcam-macae-horse-fest\/","title":{"rendered":"Precis\u00e3o de competidores e robustez de equinos marcam Maca\u00e9 Horse Fest"},"content":{"rendered":"\n<p>A eleg\u00e2ncia, a robustez e a beleza do cavalo; a velocidade e a precis\u00e3o de cowboys e cowgirls ficaram evidentes neste s\u00e1bado (22), segundo dia do primeiro Maca\u00e9 Horse Fest, promovido no Parque de Exposi\u00e7\u00f5es. A competi\u00e7\u00e3o de tr\u00eas tambores demanda que a dupla atravesse um percurso em que est\u00e3o dispostos tr\u00eas tambores de forma triangular, no menor tempo poss\u00edvel e sem derrubar nenhum dos tambores.<\/p>\n\n\n\n<p>Com entrada gratuita e apoio da prefeitura, o Maca\u00e9 Horse Fest atraiu neste s\u00e1bado (22) fam\u00edlias, competidores e amigos aficionados por cavalos.<br><\/p>\n\n\n\n<blockquote class=\"wp-block-quote is-layout-flow wp-block-quote-is-layout-flow\">\n<p>\u201cO Maca\u00e9 Horse Fest est\u00e1 fomentando o setor, unindo fam\u00edlias e mostrando a for\u00e7a deste esporte equestre. Vamos continuar apoiando eventos desta amplitude\u201d, comentou o secret\u00e1rio de Agroeconomia, Dudu Jardim.<\/p>\n<\/blockquote>\n\n\n\n<p>Segundo uma das organizadoras do evento, Nanachara Souza, a maioria dos cavalos nas competi\u00e7\u00f5es deste s\u00e1bado s\u00e3o quarto de milha, mas a organiza\u00e7\u00e3o introduziu outras ra\u00e7as para ampliar a participa\u00e7\u00e3o de competidores.<\/p>\n\n\n\n<blockquote class=\"wp-block-quote is-layout-flow wp-block-quote-is-layout-flow\">\n<p>\u201cEssa \u00e9 uma prova \u00fanica, temos uma estrutura boa da prefeitura e vamos seguir \u00e0 frente com novos planos\u201d, adiantou Nanachara, que divide com Gabriela Cruz e Ge\u00edsa Almeida a organiza\u00e7\u00e3o do evento.<\/p>\n<\/blockquote>\n\n\n\n<blockquote class=\"wp-block-quote is-layout-flow wp-block-quote-is-layout-flow\">\n<p>Morador de Maca\u00e9, Luciano Cardoso Souza foi prestigiar o Maca\u00e9 Horse neste s\u00e1bado e assistiu atento \u00e0s competi\u00e7\u00f5es. \u201cA uni\u00e3o que o esporte proporciona, o reencontro de amigos \u00e9 \u00f3timo\u201d, analisou.<\/p>\n<\/blockquote>\n\n\n\n<p>As meninas Laura Castro, de nove anos e Maria Clara Souza, de sete anos, competiram no Maca\u00e9 Horse e afirmaram que querem crescer no esporte equestre. \u201cAdoramos os cavalos\u201d, disseram.<\/p>\n\n\n\n<p>O cowboy de Maca\u00e9, Aldari Gomes da Silva, de 63 anos, \u00e9 bicampe\u00e3o estadual de amador master e competiu neste s\u00e1bado.<\/p>\n\n\n\n<blockquote class=\"wp-block-quote is-layout-flow wp-block-quote-is-layout-flow\">\n<p>\u201cA amizade com os animais e toda a felicidade que o esporte proporciona s\u00e3o os pontos que mais gosto\u201d, frisou o cowboy, que tem rancho no Curato.<\/p>\n<\/blockquote>\n\n\n\n<p>Apaixonada por cavalos h\u00e1 20 anos, Schaiene Pregione, de 33 anos, competiu no amador e na feminina.<\/p>\n\n\n\n<blockquote class=\"wp-block-quote is-layout-flow wp-block-quote-is-layout-flow\">\n<p>\u201cA dedica\u00e7\u00e3o, o foco e a for\u00e7a de vontade dos competidores e competidoras s\u00e3o fundamentais para o esporte\u201d, ensinou.<\/p>\n<\/blockquote>\n\n\n\n<p><strong>Categoria paratleta ser\u00e1 neste domingo<br><\/strong>No domingo (23) haver\u00e1 a categoria paratleta, com a participa\u00e7\u00e3o dos alunos do Programa Municipal de Equoterapia, que acontece dentro do Parque de Exposi\u00e7\u00f5es.<\/p>\n\n\n\n<p>Neste s\u00e1bado, as categorias de competidores s\u00e3o: test horse, profissional light, amador, escolinha, mirim, infantil, jovem unificada, rodeio feminino e tira-teima.<\/p>\n\n\n\n<p>Na prova, o primeiro tambor deve ser contornado em giro de 360\u00ba da esquerda para a direita, e os dois \u00faltimos tamb\u00e9m devem ser contornados em um giro de 360\u00ba, por\u00e9m, da direita para a esquerda.<\/p>\n\n\n\n<p>Uma curiosidade da prova \u00e9 que o cron\u00f4metro \u00e9 ligado quando o focinho do cavalo cruza a linha de partida. J\u00e1 o nome do quarto de milha foi fundamentado porque esse cavalo era o mais veloz em um quarto de milha, ou seja, na dist\u00e2ncia de 402 metros.<\/p>\n\n\n\n<p><em>Por Jornalista Janira Braga\/ Secom Pref. de Maca\u00e9<\/em><\/p>\n","protected":false},"excerpt":{"rendered":"<p>A eleg\u00e2ncia, a robustez e a beleza do cavalo; a velocidade e a precis\u00e3o de cowboys e cowgirls ficaram evidentes neste s\u00e1bado (22), segundo dia do primeiro Maca\u00e9 Horse Fest, promovido no Parque de Exposi\u00e7\u00f5es. A competi\u00e7\u00e3o de tr\u00eas tambores demanda que a dupla atravesse um percurso em que est\u00e3o dispostos tr\u00eas tambores de forma [&hellip;]<\/p>\n","protected":false},"author":2,"featured_media":9199,"comment_status":"closed","ping_status":"closed","sticky":false,"template":"","format":"standard","meta":{"postBodyCss":"","postBodyMargin":[],"postBodyPadding":[],"postBodyBackground":{"backgroundType":"classic","gradient":""},"footnotes":""},"categories":[46,200,42],"tags":[475,498,461],"class_list":["post-9198","post","type-post","status-publish","format-standard","has-post-thumbnail","hentry","category-diversao","category-evento","category-macae","tag-cavalo","tag-equestre","tag-festival"],"aioseo_notices":[],"_links":{"self":[{"href":"https:\/\/aconteceemmacaeeregiao.com.br\/index.php\/wp-json\/wp\/v2\/posts\/9198","targetHints":{"allow":["GET"]}}],"collection":[{"href":"https:\/\/aconteceemmacaeeregiao.com.br\/index.php\/wp-json\/wp\/v2\/posts"}],"about":[{"href":"https:\/\/aconteceemmacaeeregiao.com.br\/index.php\/wp-json\/wp\/v2\/types\/post"}],"author":[{"embeddable":true,"href":"https:\/\/aconteceemmacaeeregiao.com.br\/index.php\/wp-json\/wp\/v2\/users\/2"}],"replies":[{"embeddable":true,"href":"https:\/\/aconteceemmacaeeregiao.com.br\/index.php\/wp-json\/wp\/v2\/comments?post=9198"}],"version-history":[{"count":0,"href":"https:\/\/aconteceemmacaeeregiao.com.br\/index.php\/wp-json\/wp\/v2\/posts\/9198\/revisions"}],"wp:featuredmedia":[{"embeddable":true,"href":"https:\/\/aconteceemmacaeeregiao.com.br\/index.php\/wp-json\/wp\/v2\/media\/9199"}],"wp:attachment":[{"href":"https:\/\/aconteceemmacaeeregiao.com.br\/index.php\/wp-json\/wp\/v2\/media?parent=9198"}],"wp:term":[{"taxonomy":"category","embeddable":true,"href":"https:\/\/aconteceemmacaeeregiao.com.br\/index.php\/wp-json\/wp\/v2\/categories?post=9198"},{"taxonomy":"post_tag","embeddable":true,"href":"https:\/\/aconteceemmacaeeregiao.com.br\/index.php\/wp-json\/wp\/v2\/tags?post=9198"}],"curies":[{"name":"wp","href":"https:\/\/api.w.org\/{rel}","templated":true}]}}