{"id":9281,"date":"2023-04-26T15:27:38","date_gmt":"2023-04-26T18:27:38","guid":{"rendered":"https:\/\/aconteceemmacaeeregiao.com.br\/?p=9281"},"modified":"2023-04-26T15:27:38","modified_gmt":"2023-04-26T18:27:38","slug":"bailarino-de-macae-recebe-convite-para-dancar-nas-filipinas","status":"publish","type":"post","link":"https:\/\/aconteceemmacaeeregiao.com.br\/index.php\/2023\/04\/26\/bailarino-de-macae-recebe-convite-para-dancar-nas-filipinas\/","title":{"rendered":"Bailarino de Maca\u00e9 recebe convite para dan\u00e7ar nas Filipinas"},"content":{"rendered":"\n<p>O convite veio da terra natal do seu pai Mac\u00e1rio Garcia, as Filipinas. Trata-se do bailarino Julius Mack, profissional super bem conceituado em Maca\u00e9 e regi\u00e3o, que est\u00e1 euf\u00f3rico com o convite da Cia de Dan\u00e7a Galaw sediada na capital Manila (Filipinas). Para esta apresenta\u00e7\u00e3o, ele escolheu um solo de dan\u00e7a que j\u00e1 tem 10 anos de cria\u00e7\u00e3o, cujo tema \u00e9 Ancestralidade, e foi criado inicialmente com a inten\u00e7\u00e3o de re-significar a morte do seu pai, que ocorreu em 2007. <\/p>\n\n\n\n<blockquote class=\"wp-block-quote is-layout-flow wp-block-quote-is-layout-flow\">\n<p>\u201cDepois disso foi-se agregando outras refer\u00eancias e possibilidades no processo criativo. \u201cMinha m\u00e3e Joelma Nazareth \u00e9 brasileira e meu pai era filipino, e dan\u00e7ar este solo em terras filipinas ser\u00e1 um momento importante tanto artisticamente como tamb\u00e9m ser\u00e1 um reencontro direto com as minhas for\u00e7as ancestrais\u201d.<br><\/p>\n<cite> Bailarino Julius Mack<\/cite><\/blockquote>\n\n\n<div class=\"wp-block-image\">\n<figure class=\"alignleft size-large is-resized\"><img fetchpriority=\"high\" decoding=\"async\" src=\"https:\/\/aconteceemmacaeeregiao.com.br\/wp-content\/uploads\/2023\/04\/673d5570-1826-40ac-8fb2-920bcd5370af-683x1024.jpeg\" alt=\"\" class=\"wp-image-9285\" width=\"323\" height=\"484\" srcset=\"https:\/\/aconteceemmacaeeregiao.com.br\/wp-content\/uploads\/2023\/04\/673d5570-1826-40ac-8fb2-920bcd5370af-683x1024.jpeg 683w, https:\/\/aconteceemmacaeeregiao.com.br\/wp-content\/uploads\/2023\/04\/673d5570-1826-40ac-8fb2-920bcd5370af-200x300.jpeg 200w, https:\/\/aconteceemmacaeeregiao.com.br\/wp-content\/uploads\/2023\/04\/673d5570-1826-40ac-8fb2-920bcd5370af-768x1152.jpeg 768w, https:\/\/aconteceemmacaeeregiao.com.br\/wp-content\/uploads\/2023\/04\/673d5570-1826-40ac-8fb2-920bcd5370af-1024x1536.jpeg 1024w, https:\/\/aconteceemmacaeeregiao.com.br\/wp-content\/uploads\/2023\/04\/673d5570-1826-40ac-8fb2-920bcd5370af-600x900.jpeg 600w, https:\/\/aconteceemmacaeeregiao.com.br\/wp-content\/uploads\/2023\/04\/673d5570-1826-40ac-8fb2-920bcd5370af.jpeg 1066w\" sizes=\"(max-width: 323px) 100vw, 323px\" \/><\/figure>\n<\/div>\n\n\n<p>Entretanto, Julius enfrenta um grande desafio a partir deste convite: conseguir 12 mil reais at\u00e9 o final de maio para custear a passagem a\u00e9rea, j\u00e1 que os organizadores do evento se comprometeram com a produ\u00e7\u00e3o das apresenta\u00e7\u00f5es e do workshop junto com acomoda\u00e7\u00e3o. A previs\u00e3o da viagem \u00e9 para o dia 19 de junho, tendo as apresenta\u00e7\u00f5es marcadas para os dias 22 e 23 de junho, e o Workshop de Dan\u00e7a agendado para os dias 25 e 27 de junho. Nesse sentido, o bailarino fez uma vaquinha online para que amigos, amigos dos amigos, apoiadores de arte, apoiadores de sonhos pudessem contribuir para essa apresenta\u00e7\u00e3o. Quem quiser contribuir pode faz\u00ea-lo atrav\u00e9s da vaquinha on-line: https:\/\/www.vakinha.com.br\/3618771 ou pela chave pix: 3618771@vakinha.com.br.<br><\/p>\n\n\n\n<p>Nascido no Andara\u00ed, no Rio de Janeiro, e vindo para Maca\u00e9 aos dois anos de idade, Julius Mack \u00e9 profissional da dan\u00e7a h\u00e1 16 anos com experi\u00eancia em diversos cantos do mundo, como \u00c1frica, Europa, Oceania, Am\u00e9rica Central, al\u00e9m do Brasil. Formando em Dan\u00e7a pela UFRJ, ele desenvolveu diversos projetos de dan\u00e7a, fotografia e v\u00eddeo. Julius \u00e9 um artista que integra diversos conhecimentos hol\u00edsticos e espiritualistas nas suas dan\u00e7as e em todos os processos corporais.<br><\/p>\n\n\n<div class=\"wp-block-image\">\n<figure class=\"aligncenter size-large\"><img decoding=\"async\" width=\"1024\" height=\"576\" data-src=\"https:\/\/aconteceemmacaeeregiao.com.br\/wp-content\/uploads\/2023\/04\/90bccdf7-bf7d-4e1b-8bba-c008f4b8bfa3-1024x576.jpeg\" alt=\"\" class=\"wp-image-9284 lazyload\" data-srcset=\"https:\/\/aconteceemmacaeeregiao.com.br\/wp-content\/uploads\/2023\/04\/90bccdf7-bf7d-4e1b-8bba-c008f4b8bfa3-1024x576.jpeg 1024w, https:\/\/aconteceemmacaeeregiao.com.br\/wp-content\/uploads\/2023\/04\/90bccdf7-bf7d-4e1b-8bba-c008f4b8bfa3-300x169.jpeg 300w, https:\/\/aconteceemmacaeeregiao.com.br\/wp-content\/uploads\/2023\/04\/90bccdf7-bf7d-4e1b-8bba-c008f4b8bfa3-768x432.jpeg 768w, https:\/\/aconteceemmacaeeregiao.com.br\/wp-content\/uploads\/2023\/04\/90bccdf7-bf7d-4e1b-8bba-c008f4b8bfa3-1536x864.jpeg 1536w, https:\/\/aconteceemmacaeeregiao.com.br\/wp-content\/uploads\/2023\/04\/90bccdf7-bf7d-4e1b-8bba-c008f4b8bfa3.jpeg 1600w\" data-sizes=\"(max-width: 1024px) 100vw, 1024px\" src=\"data:image\/svg+xml;base64,PHN2ZyB3aWR0aD0iMSIgaGVpZ2h0PSIxIiB4bWxucz0iaHR0cDovL3d3dy53My5vcmcvMjAwMC9zdmciPjwvc3ZnPg==\" style=\"--smush-placeholder-width: 1024px; --smush-placeholder-aspect-ratio: 1024\/576;\" \/><\/figure>\n<\/div>\n\n\n<p>Julius informa que o evento ser\u00e1 compartilhado nas redes sociais.<br><\/p>\n\n\n\n<p>\u201cPara todos que contribu\u00edrem ser\u00e1 disponibilizado uma aula de dan\u00e7a dos orix\u00e1s baseada no workshop que ser\u00e1 levado para as Filipinas com o intuito de criar um interc\u00e2mbio cultural entre Brasil e Filipinas\u201d, disse.<\/p>\n\n\n\n<p><em>Por Jornalista Isis Maria Borges<\/em><\/p>\n","protected":false},"excerpt":{"rendered":"<p>O convite veio da terra natal do seu pai Mac\u00e1rio Garcia, as Filipinas. Trata-se do bailarino Julius Mack, profissional super bem conceituado em Maca\u00e9 e regi\u00e3o, que est\u00e1 euf\u00f3rico com o convite da Cia de Dan\u00e7a Galaw sediada na capital Manila (Filipinas). Para esta apresenta\u00e7\u00e3o, ele escolheu um solo de dan\u00e7a que j\u00e1 tem 10 [&hellip;]<\/p>\n","protected":false},"author":2,"featured_media":9283,"comment_status":"closed","ping_status":"closed","sticky":false,"template":"","format":"standard","meta":{"postBodyCss":"","postBodyMargin":[],"postBodyPadding":[],"postBodyBackground":{"backgroundType":"classic","gradient":""},"footnotes":""},"categories":[86,42],"tags":[505,215,507],"class_list":["post-9281","post","type-post","status-publish","format-standard","has-post-thumbnail","hentry","category-cultura","category-macae","tag-bailarino","tag-danca","tag-internacional"],"aioseo_notices":[],"_links":{"self":[{"href":"https:\/\/aconteceemmacaeeregiao.com.br\/index.php\/wp-json\/wp\/v2\/posts\/9281","targetHints":{"allow":["GET"]}}],"collection":[{"href":"https:\/\/aconteceemmacaeeregiao.com.br\/index.php\/wp-json\/wp\/v2\/posts"}],"about":[{"href":"https:\/\/aconteceemmacaeeregiao.com.br\/index.php\/wp-json\/wp\/v2\/types\/post"}],"author":[{"embeddable":true,"href":"https:\/\/aconteceemmacaeeregiao.com.br\/index.php\/wp-json\/wp\/v2\/users\/2"}],"replies":[{"embeddable":true,"href":"https:\/\/aconteceemmacaeeregiao.com.br\/index.php\/wp-json\/wp\/v2\/comments?post=9281"}],"version-history":[{"count":0,"href":"https:\/\/aconteceemmacaeeregiao.com.br\/index.php\/wp-json\/wp\/v2\/posts\/9281\/revisions"}],"wp:featuredmedia":[{"embeddable":true,"href":"https:\/\/aconteceemmacaeeregiao.com.br\/index.php\/wp-json\/wp\/v2\/media\/9283"}],"wp:attachment":[{"href":"https:\/\/aconteceemmacaeeregiao.com.br\/index.php\/wp-json\/wp\/v2\/media?parent=9281"}],"wp:term":[{"taxonomy":"category","embeddable":true,"href":"https:\/\/aconteceemmacaeeregiao.com.br\/index.php\/wp-json\/wp\/v2\/categories?post=9281"},{"taxonomy":"post_tag","embeddable":true,"href":"https:\/\/aconteceemmacaeeregiao.com.br\/index.php\/wp-json\/wp\/v2\/tags?post=9281"}],"curies":[{"name":"wp","href":"https:\/\/api.w.org\/{rel}","templated":true}]}}