{"id":9287,"date":"2023-04-26T21:19:28","date_gmt":"2023-04-27T00:19:28","guid":{"rendered":"https:\/\/aconteceemmacaeeregiao.com.br\/?p=9287"},"modified":"2023-04-26T21:19:28","modified_gmt":"2023-04-27T00:19:28","slug":"quissama-realiza-mobilizacao-pelo-dia-nacional-de-combate-a-hipertensao","status":"publish","type":"post","link":"https:\/\/aconteceemmacaeeregiao.com.br\/index.php\/2023\/04\/26\/quissama-realiza-mobilizacao-pelo-dia-nacional-de-combate-a-hipertensao\/","title":{"rendered":"<strong>Quissam\u00e3 realiza mobiliza\u00e7\u00e3o pelo Dia Nacional de Combate \u00e0 Hipertens\u00e3o<\/strong>"},"content":{"rendered":"\n<p>Nesta quarta-feira, 26, \u00e9 comemorado o Dia Nacional de Preven\u00e7\u00e3o e Combate \u00e0 Hipertens\u00e3o Arterial. Pensando nisso a Prefeitura de Quissam\u00e3, atrav\u00e9s da Secretaria de Sa\u00fade, realizou uma mobiliza\u00e7\u00e3o na Pra\u00e7a M\u00e1rio Moreira, no centro da cidade, com foco na orienta\u00e7\u00e3o, medi\u00e7\u00e3o de glicemia e aferi\u00e7\u00e3o de press\u00e3o arterial.<\/p>\n\n\n\n<p>De acordo com a coordenadora de Estrat\u00e9gia Sa\u00fade da Fam\u00edlia, Milena Viana, o munic\u00edpio tem cerca de 4 mil pacientes hipertensos e boa parte destas pessoas possuem alguma outra comorbidade associada, como obesidade e diabetes.\u00a0<\/p>\n\n\n\n<ul class=\"wp-block-list\">\n<li><a href=\"https:\/\/aconteceemmacaeeregiao.com.br\/index.php\/2023\/03\/21\/uma-rotina-em-dia-com-a-saude-exige-bons-litros-dagua\/\">Uma rotina em dia com a sa\u00fade exige bons litros d\u2019\u00e1gua<\/a><\/li>\n\n\n\n<li><a href=\"https:\/\/aconteceemmacaeeregiao.com.br\/index.php\/2023\/01\/11\/5-habitos-para-cuidar-da-saude-mental-e-melhorar-a-qualidade-de-vida\/\">5 h\u00e1bitos para cuidar da sa\u00fade mental e melhorar a qualidade de vida<\/a><\/li>\n<\/ul>\n\n\n\n<p>&#8220;\u00c9 muito importante que as pessoas entendam que a press\u00e3o alta \u00e9 uma doen\u00e7a e uma das principais causadoras de outras doen\u00e7as ligadas ao cora\u00e7\u00e3o. O tratamento deve ser feito de forma correta, com acompanhamento m\u00e9dico regularmente, al\u00e9m de aquisi\u00e7\u00e3o de h\u00e1bitos de vida mais saud\u00e1veis com a pr\u00e1tica de atividade f\u00edsica, alimenta\u00e7\u00e3o saud\u00e1vel, manuten\u00e7\u00e3o do peso ideal para cada pessoa, e evitando o uso de bebidas alco\u00f3licas, tabaco e seus derivados&#8221;, explica Milena.<\/p>\n\n\n\n<p>O indiv\u00edduo \u00e9 considerado hipertenso quando a press\u00e3o arterial apresenta valores iguais ou maiores a 14 por 9 (ou 140 por 190 mmHg) em mais de duas medi\u00e7\u00f5es realizadas por profissional capacitado. Dor de cabe\u00e7a e no peito, tonturas, cansa\u00e7o, vis\u00e3o emba\u00e7ada, sangramento pelo nariz s\u00e3o alguns dos principais sintomas do aumento da press\u00e3o arterial e os \u00f3rg\u00e3o mais afetados pela doen\u00e7a s\u00e3o o c\u00e9rebro, olhos, cora\u00e7\u00e3o, rins e art\u00e9rias, podendo provocar derrame cerebral, dem\u00eancia, cegueira, infarto, insufici\u00eancia card\u00edaca e renal e entupimento arterial. No Brasil, a hipertens\u00e3o \u00e9 a causa de 300 mil mortes por ano.<\/p>\n\n\n\n<p><em>Por Secom Pref. de Maca\u00e9<\/em><\/p>\n","protected":false},"excerpt":{"rendered":"<p>Nesta quarta-feira, 26, \u00e9 comemorado o Dia Nacional de Preven\u00e7\u00e3o e Combate \u00e0 Hipertens\u00e3o Arterial. Pensando nisso a Prefeitura de Quissam\u00e3, atrav\u00e9s da Secretaria de Sa\u00fade, realizou uma mobiliza\u00e7\u00e3o na Pra\u00e7a M\u00e1rio Moreira, no centro da cidade, com foco na orienta\u00e7\u00e3o, medi\u00e7\u00e3o de glicemia e aferi\u00e7\u00e3o de press\u00e3o arterial. De acordo com a coordenadora de [&hellip;]<\/p>\n","protected":false},"author":2,"featured_media":9289,"comment_status":"closed","ping_status":"closed","sticky":false,"template":"","format":"standard","meta":{"postBodyCss":"","postBodyMargin":[],"postBodyPadding":[],"postBodyBackground":{"backgroundType":"classic","gradient":""},"footnotes":""},"categories":[50,43,78],"tags":[479],"class_list":["post-9287","post","type-post","status-publish","format-standard","has-post-thumbnail","hentry","category-quissama","category-regiao","category-saude","tag-hipertensao"],"aioseo_notices":[],"_links":{"self":[{"href":"https:\/\/aconteceemmacaeeregiao.com.br\/index.php\/wp-json\/wp\/v2\/posts\/9287","targetHints":{"allow":["GET"]}}],"collection":[{"href":"https:\/\/aconteceemmacaeeregiao.com.br\/index.php\/wp-json\/wp\/v2\/posts"}],"about":[{"href":"https:\/\/aconteceemmacaeeregiao.com.br\/index.php\/wp-json\/wp\/v2\/types\/post"}],"author":[{"embeddable":true,"href":"https:\/\/aconteceemmacaeeregiao.com.br\/index.php\/wp-json\/wp\/v2\/users\/2"}],"replies":[{"embeddable":true,"href":"https:\/\/aconteceemmacaeeregiao.com.br\/index.php\/wp-json\/wp\/v2\/comments?post=9287"}],"version-history":[{"count":0,"href":"https:\/\/aconteceemmacaeeregiao.com.br\/index.php\/wp-json\/wp\/v2\/posts\/9287\/revisions"}],"wp:featuredmedia":[{"embeddable":true,"href":"https:\/\/aconteceemmacaeeregiao.com.br\/index.php\/wp-json\/wp\/v2\/media\/9289"}],"wp:attachment":[{"href":"https:\/\/aconteceemmacaeeregiao.com.br\/index.php\/wp-json\/wp\/v2\/media?parent=9287"}],"wp:term":[{"taxonomy":"category","embeddable":true,"href":"https:\/\/aconteceemmacaeeregiao.com.br\/index.php\/wp-json\/wp\/v2\/categories?post=9287"},{"taxonomy":"post_tag","embeddable":true,"href":"https:\/\/aconteceemmacaeeregiao.com.br\/index.php\/wp-json\/wp\/v2\/tags?post=9287"}],"curies":[{"name":"wp","href":"https:\/\/api.w.org\/{rel}","templated":true}]}}