{"id":9291,"date":"2023-04-26T21:38:55","date_gmt":"2023-04-27T00:38:55","guid":{"rendered":"https:\/\/aconteceemmacaeeregiao.com.br\/?p=9291"},"modified":"2023-04-26T21:38:56","modified_gmt":"2023-04-27T00:38:56","slug":"enel-explica-sobre-o-valor-da-tarifa-minima-das-contas-de-energia","status":"publish","type":"post","link":"https:\/\/aconteceemmacaeeregiao.com.br\/index.php\/2023\/04\/26\/enel-explica-sobre-o-valor-da-tarifa-minima-das-contas-de-energia\/","title":{"rendered":"Enel explica sobre o valor da tarifa m\u00ednima das contas de energia"},"content":{"rendered":"\n<p><strong><em>Clientes que tiverem a sua conta de energia com valor abaixo de R$ 65 poder\u00e3o postergar esse pagamento e quit\u00e1-lo junto com a pr\u00f3xima conta;\u00a0<\/em><\/strong><\/p>\n\n\n\n<p><em><strong>Benef\u00edcio est\u00e1 dispon\u00edvel e beneficia mais de 300 mil clientes do Estado.\u00a0\u00a0<\/strong>\u00a0<\/em><\/p>\n\n\n\n<p>A Enel Distribui\u00e7\u00e3o Rio explica sobre mais uma facilidade para os clientes da distribuidora: a\u00a0<strong>tarifa m\u00ednima<\/strong>\u00a0nas contas de energia. Aqueles que possuem gastos inferiores a R$ 65 na conta de energia n\u00e3o precisam quitar o d\u00e9bito no m\u00eas correspondente. Isso porque, para esses clientes, o pagamento poder\u00e1 ser feito na fatura seguinte ou quando a fatura atingir, cumulativamente, o valor m\u00ednimo de R$ 65. A empresa refor\u00e7a que essa \u00e9 uma a\u00e7\u00e3o para contribuir com o planejamento do or\u00e7amento familiar, flexibilizar os pagamentos das contas de energia e para auxiliar no equil\u00edbrio das contas do m\u00eas dos clientes que possuem baixo consumo.<\/p>\n\n\n\n<ul class=\"wp-block-list\">\n<li><a href=\"https:\/\/aconteceemmacaeeregiao.com.br\/index.php\/2023\/04\/17\/operacao-energia-legal-da-enel-identifica-402-furtos-em-campos-dos-goytacazes\/\">Opera\u00e7\u00e3o energia legal da Enel identifica 402 furtos em Campos dos Goytacazes<\/a>\u00a0<\/li>\n\n\n\n<li><a href=\"https:\/\/aconteceemmacaeeregiao.com.br\/index.php\/2023\/03\/17\/no-df-vereadores-de-macae-cobram-melhoria-no-servico-da-enel\/\">No DF, vereadores de Maca\u00e9 cobram melhoria no servi\u00e7o da Enel<\/a><\/li>\n\n\n\n<li><a href=\"https:\/\/aconteceemmacaeeregiao.com.br\/index.php\/2023\/01\/26\/queda-de-energia-provoca-por-pipas-impactou-mais-de-245-mil-clientes-da-enel-em-2022\/\">Queda de energia provoca por pipas impactou mais de 245 mil clientes da Enel em 2022<\/a><\/li>\n<\/ul>\n\n\n\n<p>A diretora de Mercado da Enel Distribui\u00e7\u00e3o Rio, Ana Teresa Raposo, explica que mais de 300 mil clientes est\u00e3o sendo beneficiados. &#8220;A Enel tem trabalhado em a\u00e7\u00f5es que possam facilitar a organiza\u00e7\u00e3o financeira das fam\u00edlias. Al\u00e9m das a\u00e7\u00f5es de parcelamento e condi\u00e7\u00f5es facilitadas que estamos trabalhando ao longo do ano, a amplia\u00e7\u00e3o dessa condi\u00e7\u00e3o tem o intuito de beneficiar aqueles clientes que consomem pouco e, dessa forma, n\u00e3o precisar\u00e3o desembolsar esse valor de imediato, j\u00e1 que o valor \u00e9 acumulado na fatura do m\u00eas seguinte at\u00e9 atingir o limite do projeto&#8221;, ressalta. &nbsp;<\/p>\n\n\n\n<p><strong>Quem tem direito ao benef\u00edcio e como funciona:<\/strong><strong>&nbsp;<\/strong><\/p>\n\n\n\n<p>Todos os clientes que consumirem menos de R$ 65 por m\u00eas s\u00e3o automaticamente inclusos no benef\u00edcio. \u00c9 importante refor\u00e7ar que as contas continuar\u00e3o sendo entregues mensalmente tamb\u00e9m para esses clientes, mas ser\u00e3o emitidas sem c\u00f3digo de barras e com a sinaliza\u00e7\u00e3o na pr\u00f3pria conta, informando que ela n\u00e3o precisar\u00e1 ser paga naquele m\u00eas.&nbsp;<\/p>\n\n\n\n<p>No m\u00eas seguinte, caso a soma da fatura anterior e da atual tenha atingido R$ 65 ou mais, ser\u00e1 emitida uma conta normal, com todas as informa\u00e7\u00f5es e dados necess\u00e1rios para o pagamento, incluindo o c\u00f3digo de barras. Tamb\u00e9m constar\u00e1 na conta a informa\u00e7\u00e3o de &#8220;pequenos valores&#8221;, onde \u00e9 poss\u00edvel checar o valor da conta anterior.&nbsp;<\/p>\n\n\n\n<p>Aten\u00e7\u00e3o! Por ser uma flexibiliza\u00e7\u00e3o oferecida pela Enel, n\u00e3o ser\u00e3o cobrados multas ou acr\u00e9scimos. At\u00e9 atingir o valor limite de R$ 65 no m\u00e1ximo, tr\u00eas contas podem ser acumuladas e, no quarto m\u00eas, a conta dever\u00e1 ser paga, independentemente do valor.&nbsp;<\/p>\n\n\n\n<p>Caso o cliente prefira n\u00e3o aderir ao benef\u00edcio, ele pode solicitar, a qualquer momento, o seu cancelamento por meio dos canais de atendimento, no 0800 280 0120.&nbsp;<\/p>\n\n\n\n<p><strong>Sobre a Enel Distribui\u00e7\u00e3o Rio<\/strong>&nbsp;&nbsp;<\/p>\n\n\n\n<p>A Enel Distribui\u00e7\u00e3o Rio, subsidi\u00e1ria da multinacional italiana Enel, atende 66 munic\u00edpios do estado do Rio de Janeiro, abrangendo 73% do territ\u00f3rio estadual, com cobertura de uma \u00e1rea de 32.188 km\u00b2. A Regi\u00e3o Metropolitana de Niter\u00f3i e S\u00e3o Gon\u00e7alo e os munic\u00edpios de Itabora\u00ed e Mag\u00e9 representam a maior concentra\u00e7\u00e3o do total de 3 milh\u00f5es de clientes atendidos pela companhia. A estrat\u00e9gia de atua\u00e7\u00e3o da Enel \u00e9 baseada no seu Plano de Sustentabilidade e nos compromissos assumidos com os Objetivos de Desenvolvimento Sustent\u00e1vel da Agenda 2030 da ONU.&nbsp;<\/p>\n","protected":false},"excerpt":{"rendered":"<p>Clientes que tiverem a sua conta de energia com valor abaixo de R$ 65 poder\u00e3o postergar esse pagamento e quit\u00e1-lo junto com a pr\u00f3xima conta;\u00a0 Benef\u00edcio est\u00e1 dispon\u00edvel e beneficia mais de 300 mil clientes do Estado.\u00a0\u00a0\u00a0 A Enel Distribui\u00e7\u00e3o Rio explica sobre mais uma facilidade para os clientes da distribuidora: a\u00a0tarifa m\u00ednima\u00a0nas contas de [&hellip;]<\/p>\n","protected":false},"author":2,"featured_media":9293,"comment_status":"closed","ping_status":"closed","sticky":false,"template":"","format":"standard","meta":{"postBodyCss":"","postBodyMargin":[],"postBodyPadding":[],"postBodyBackground":{"backgroundType":"classic","gradient":""},"footnotes":""},"categories":[45,43],"tags":[150,151,508],"class_list":["post-9291","post","type-post","status-publish","format-standard","has-post-thumbnail","hentry","category-economia","category-regiao","tag-enel","tag-energia","tag-tarifa"],"aioseo_notices":[],"_links":{"self":[{"href":"https:\/\/aconteceemmacaeeregiao.com.br\/index.php\/wp-json\/wp\/v2\/posts\/9291","targetHints":{"allow":["GET"]}}],"collection":[{"href":"https:\/\/aconteceemmacaeeregiao.com.br\/index.php\/wp-json\/wp\/v2\/posts"}],"about":[{"href":"https:\/\/aconteceemmacaeeregiao.com.br\/index.php\/wp-json\/wp\/v2\/types\/post"}],"author":[{"embeddable":true,"href":"https:\/\/aconteceemmacaeeregiao.com.br\/index.php\/wp-json\/wp\/v2\/users\/2"}],"replies":[{"embeddable":true,"href":"https:\/\/aconteceemmacaeeregiao.com.br\/index.php\/wp-json\/wp\/v2\/comments?post=9291"}],"version-history":[{"count":0,"href":"https:\/\/aconteceemmacaeeregiao.com.br\/index.php\/wp-json\/wp\/v2\/posts\/9291\/revisions"}],"wp:featuredmedia":[{"embeddable":true,"href":"https:\/\/aconteceemmacaeeregiao.com.br\/index.php\/wp-json\/wp\/v2\/media\/9293"}],"wp:attachment":[{"href":"https:\/\/aconteceemmacaeeregiao.com.br\/index.php\/wp-json\/wp\/v2\/media?parent=9291"}],"wp:term":[{"taxonomy":"category","embeddable":true,"href":"https:\/\/aconteceemmacaeeregiao.com.br\/index.php\/wp-json\/wp\/v2\/categories?post=9291"},{"taxonomy":"post_tag","embeddable":true,"href":"https:\/\/aconteceemmacaeeregiao.com.br\/index.php\/wp-json\/wp\/v2\/tags?post=9291"}],"curies":[{"name":"wp","href":"https:\/\/api.w.org\/{rel}","templated":true}]}}