{"id":9295,"date":"2023-04-26T21:46:12","date_gmt":"2023-04-27T00:46:12","guid":{"rendered":"https:\/\/aconteceemmacaeeregiao.com.br\/?p=9295"},"modified":"2023-04-26T21:50:25","modified_gmt":"2023-04-27T00:50:25","slug":"camara-recebe-juiz-criminal-para-debater-politicas-de-seguranca-publica","status":"publish","type":"post","link":"https:\/\/aconteceemmacaeeregiao.com.br\/index.php\/2023\/04\/26\/camara-recebe-juiz-criminal-para-debater-politicas-de-seguranca-publica\/","title":{"rendered":"C\u00e2mara recebe juiz criminal para debater pol\u00edticas de seguran\u00e7a p\u00fablica"},"content":{"rendered":"\n<p>O juiz de Direito Criminal do Tribunal de Justi\u00e7a do Estado do Rio de Janeiro Wycliff de Melo Couto participou da sess\u00e3o desta quarta-feira (26), na C\u00e2mara Municipal de Maca\u00e9. A convite do vereador Marlon Lima (PDT), ele apontou caminhos para aumentar a seguran\u00e7a p\u00fablica na cidade.<\/p>\n\n\n\n<p>Wycliff come\u00e7ou a sua participa\u00e7\u00e3o dizendo que preven\u00e7\u00e3o da viol\u00eancia n\u00e3o se faz apenas com for\u00e7as policiais e leis penais. Para ele, a quest\u00e3o \u00e9 mais complexa e envolve uma a\u00e7\u00e3o coordenada e conjunta de diversos \u00f3rg\u00e3os. \u201cO munic\u00edpio tem um papel fundamental na promo\u00e7\u00e3o da seguran\u00e7a. Ilumina\u00e7\u00e3o p\u00fablica adequada, zoneamento urbano estrat\u00e9gico e a fiscaliza\u00e7\u00e3o constante de ve\u00edculos, sobretudo motocicletas, s\u00e3o capazes de reduzir drasticamente as ocorr\u00eancias de roubos e furtos nas ruas\u201d.<\/p>\n\n\n\n<ul class=\"wp-block-list\">\n<li><a href=\"https:\/\/aconteceemmacaeeregiao.com.br\/index.php\/2023\/04\/13\/camara-cobra-restauracao-da-estacao-ferroviaria-de-glicerio\/\">C\u00e2mara cobra restaura\u00e7\u00e3o da Esta\u00e7\u00e3o Ferrovi\u00e1ria de Glic\u00e9rio<\/a><\/li>\n\n\n\n<li><a href=\"https:\/\/aconteceemmacaeeregiao.com.br\/index.php\/2023\/04\/04\/camara-repudia-racismo-contra-ator-da-paixao-de-cristo\/\">C\u00e2mara repudia racismo contra ator da Paix\u00e3o de Cristo<\/a><\/li>\n<\/ul>\n\n\n\n<p>O juiz ainda destacou como essencial para o combate \u00e0 criminalidade o investimento em educa\u00e7\u00e3o b\u00e1sica e a atua\u00e7\u00e3o de todos os demais \u00f3rg\u00e3os que atendem crian\u00e7as e adolescentes. \u201cSe nossos jovens, sobretudo os mais vulner\u00e1veis, n\u00e3o forem amparados pelo poder p\u00fablico, muitos acabar\u00e3o na criminalidade\u201d.<\/p>\n\n\n\n<p>Wycliff tamb\u00e9m defendeu o uso da tecnologia como aliada. \u201cO monitoramento por c\u00e2meras de v\u00eddeo e o reconhecimento facial podem ajudar na identifica\u00e7\u00e3o de criminosos, no esclarecimento e at\u00e9 na preven\u00e7\u00e3o de alguns crimes\u201d, declarou o juiz.<\/p>\n\n\n\n<p><br><strong>Armamento da Guarda<\/strong><\/p>\n\n\n\n<p>Luiz Matos (Republicanos) pediu a opini\u00e3o do juiz sobre o armamento da Guarda Municipal e este respondeu que hoje \u00e9 contra. \u201cN\u00e3o d\u00e1 para armar a Guarda como ela est\u00e1. Seria necess\u00e1rio fazer uma reestrutura\u00e7\u00e3o, com investimentos e treinamentos, pois h\u00e1 toda uma mudan\u00e7a de cultura e de entendimento do papel da institui\u00e7\u00e3o e de seus integrantes\u201d.<\/p>\n\n\n\n<p>Wycliff argumentou que deve haver crit\u00e9rio nesta decis\u00e3o e sugeriu aos munic\u00edpios que optarem por este caminho, faz\u00ea-lo de forma progressiva. Primeiro com armas n\u00e3o letais e, somente ap\u00f3s estrutura\u00e7\u00e3o e ampla prepara\u00e7\u00e3o t\u00e9cnica e psicol\u00f3gica dos envolvidos, iniciar o trabalho com armas de fogo.<\/p>\n\n\n\n<p><br><strong>Participa\u00e7\u00e3o dos vereadores<\/strong><\/p>\n\n\n\n<p>Guto Garcia (PDT) abordou a relev\u00e2ncia do monitoramento nos portais de entrada da cidade, a fim de consultar as placas dos ve\u00edculos que ingressam no per\u00edmetro urbano. J\u00e1 Iza Vicente (Rede) falou da controv\u00e9rsia envolvendo falhas no reconhecimento facial, que contribui para a estigmatiza\u00e7\u00e3o de pessoas negras. Jos\u00e9 Prestes (PTB) lembrou as invas\u00f5es de terra ocorridas na cidade e Edson Chiquini (PSD) questionou as audi\u00eancias de cust\u00f3dia.<\/p>\n\n\n\n<p>Reginaldo do Hospital (Podemos) chamou a aten\u00e7\u00e3o para a falta de apoio a quem sai do sistema penitenci\u00e1rio, que muitas vezes n\u00e3o encontra oportunidades para retomar sua vida longe de novas transgress\u00f5es. Amaro Luiz (PRTB) defendeu a preven\u00e7\u00e3oem vez da ressocializa\u00e7\u00e3o. E Paulo Paes (Uni\u00e3o Brasil) indagou sobre medidas imediatas que poderiam ser tomadas para evitar ataques \u00e0s escolas.<\/p>\n\n\n\n<p><br><strong>Ataque \u00e0s escolas<\/strong><\/p>\n\n\n\n<p>Wycliff prop\u00f4s o patrulhamento dos col\u00e9gios pela Guarda Municipal e a orienta\u00e7\u00e3o \u00e0s fam\u00edlias sobre cuidados com as crian\u00e7as e adolescentes (preven\u00e7\u00e3o da viol\u00eancia e de atos criminosos), al\u00e9m de um olhar mais atento por parte das institui\u00e7\u00f5es de ensino. \u201c\u00c9 preciso estar alerta aos sinais de depress\u00e3o, mudan\u00e7as de temperamento e comportamento at\u00edpico, sobretudo entre os que sofrem bullying ou vivenciaram alguma situa\u00e7\u00e3o de viol\u00eancia. E assim que identificados os casos, oferecer a assist\u00eancia m\u00e9dica e psicol\u00f3gica devida\u201d, esclareceu o juiz.<\/p>\n\n\n\n<p>A discuss\u00e3o entre o juiz e os parlamentares aconteceu no Grande Expediente, momento que antecede a vota\u00e7\u00e3o das propostas parlamentares. Quem quiser assistir, a grava\u00e7\u00e3o do trecho tem 1h40 e est\u00e1 dispon\u00edvel no canal do Legislativo no YouTube.<\/p>\n","protected":false},"excerpt":{"rendered":"<p>O juiz de Direito Criminal do Tribunal de Justi\u00e7a do Estado do Rio de Janeiro Wycliff de Melo Couto participou da sess\u00e3o desta quarta-feira (26), na C\u00e2mara Municipal de Maca\u00e9. A convite do vereador Marlon Lima (PDT), ele apontou caminhos para aumentar a seguran\u00e7a p\u00fablica na cidade. Wycliff come\u00e7ou a sua participa\u00e7\u00e3o dizendo que preven\u00e7\u00e3o [&hellip;]<\/p>\n","protected":false},"author":2,"featured_media":9297,"comment_status":"closed","ping_status":"closed","sticky":false,"template":"","format":"standard","meta":{"postBodyCss":"","postBodyMargin":[],"postBodyPadding":[],"postBodyBackground":{"backgroundType":"classic","gradient":""},"footnotes":""},"categories":[42,44],"tags":[119],"class_list":["post-9295","post","type-post","status-publish","format-standard","has-post-thumbnail","hentry","category-macae","category-politica","tag-seguranca-publica"],"aioseo_notices":[],"_links":{"self":[{"href":"https:\/\/aconteceemmacaeeregiao.com.br\/index.php\/wp-json\/wp\/v2\/posts\/9295","targetHints":{"allow":["GET"]}}],"collection":[{"href":"https:\/\/aconteceemmacaeeregiao.com.br\/index.php\/wp-json\/wp\/v2\/posts"}],"about":[{"href":"https:\/\/aconteceemmacaeeregiao.com.br\/index.php\/wp-json\/wp\/v2\/types\/post"}],"author":[{"embeddable":true,"href":"https:\/\/aconteceemmacaeeregiao.com.br\/index.php\/wp-json\/wp\/v2\/users\/2"}],"replies":[{"embeddable":true,"href":"https:\/\/aconteceemmacaeeregiao.com.br\/index.php\/wp-json\/wp\/v2\/comments?post=9295"}],"version-history":[{"count":0,"href":"https:\/\/aconteceemmacaeeregiao.com.br\/index.php\/wp-json\/wp\/v2\/posts\/9295\/revisions"}],"wp:featuredmedia":[{"embeddable":true,"href":"https:\/\/aconteceemmacaeeregiao.com.br\/index.php\/wp-json\/wp\/v2\/media\/9297"}],"wp:attachment":[{"href":"https:\/\/aconteceemmacaeeregiao.com.br\/index.php\/wp-json\/wp\/v2\/media?parent=9295"}],"wp:term":[{"taxonomy":"category","embeddable":true,"href":"https:\/\/aconteceemmacaeeregiao.com.br\/index.php\/wp-json\/wp\/v2\/categories?post=9295"},{"taxonomy":"post_tag","embeddable":true,"href":"https:\/\/aconteceemmacaeeregiao.com.br\/index.php\/wp-json\/wp\/v2\/tags?post=9295"}],"curies":[{"name":"wp","href":"https:\/\/api.w.org\/{rel}","templated":true}]}}