{"id":9356,"date":"2023-04-28T22:36:12","date_gmt":"2023-04-29T01:36:12","guid":{"rendered":"https:\/\/aconteceemmacaeeregiao.com.br\/?p=9356"},"modified":"2023-04-28T22:36:13","modified_gmt":"2023-04-29T01:36:13","slug":"quissama-realiza-festa-do-dia-do-trabalho-com-show-de-tiee-no-parque-de-exposicoes","status":"publish","type":"post","link":"https:\/\/aconteceemmacaeeregiao.com.br\/index.php\/2023\/04\/28\/quissama-realiza-festa-do-dia-do-trabalho-com-show-de-tiee-no-parque-de-exposicoes\/","title":{"rendered":"<strong>Quissam\u00e3 realiza festa do Dia do Trabalho com show de Tiee no Parque de Exposi\u00e7\u00f5es&nbsp;<\/strong>"},"content":{"rendered":"\n<p>A Prefeitura de Quissam\u00e3 realiza na pr\u00f3xima segunda-feira (1), de 8h \u00e0s 16h, um evento em comemora\u00e7\u00e3o ao Dia do Trabalho, no Parque de Exposi\u00e7\u00f5es. A popula\u00e7\u00e3o poder\u00e1 aproveitar diversos servi\u00e7os, como exame preventivo, teste r\u00e1pidos para doen\u00e7as, esporte, brinquedos, al\u00e9m de apresenta\u00e7\u00f5es do grupo Show do Intervalo e Tiee.<\/p>\n\n\n\n<p>O evento \u00e9 resultado de um trabalho em conjunto do Gabinete da Prefeita e da Secretaria de Cultura, Patrim\u00f4nio Hist\u00f3rico e Lazer, com apoio das Secretarias de Sa\u00fade e Esporte e Juventude. Segundo o Chefe de Gabinete, Luciano Louren\u00e7o, a a\u00e7\u00e3o aproxima os servi\u00e7os oferecidos pela Prefeitura \u00e0 popula\u00e7\u00e3o.<\/p>\n\n\n\n<p>&#8220;Nosso trabalho em conjunto busca sempre beneficiar a popula\u00e7\u00e3o dos servi\u00e7os. Ser\u00e1 um dia de lazer, cuidar da sa\u00fade e aproveitar os shows. O evento tamb\u00e9m vai contar com pra\u00e7a de alimenta\u00e7\u00e3o no local. Que os moradores possam aproveitar essa grande festa, com seguran\u00e7a, e que vai acontecer durante todo dia&#8221;, disse Luciano.<\/p>\n\n\n\n<p>O evento recebe Tiee \u00e0s 16h &#8211; Com uma mistura de ousadia e romantismo, o cantor se destaca no cen\u00e1rio atual do samba. Compositor de sucessos como &#8220;Som do Tambor&#8221;, gravado por Ferrugem, &#8220;Lei da Vida&#8221; pelo Grupo Pixote, e &#8220;Cancun&#8221;, do Thiaguinho, foi apontado como um dos compositores com mais m\u00fasicas gravadas &#8211; cerca de 200.<\/p>\n\n\n\n<p>&#8220;Teremos um grande evento para comemorar o Dia do Trabalho, com o show do Tiee no encerramento da festividade&#8221;, cona a secret\u00e1ria de Cultura, Patrim\u00f4nio Hist\u00f3rico e Lazer, Kitiely Freitas.&nbsp;<\/p>\n\n\n\n<p>Tamb\u00e9m em celebra\u00e7\u00e3o ao Dia do Trabalho, a Prefeitura de Quissam\u00e3, atrav\u00e9s da Secretaria de Obras, Servi\u00e7os P\u00fablicos e Urbanismo, realizar\u00e1 a entrega da urbaniza\u00e7\u00e3o de Caxias, um investimento de R$3 milh\u00f5es.<\/p>\n\n\n\n<p>Confira a programa\u00e7\u00e3o:<\/p>\n\n\n\n<p>Brinquedos infl\u00e1veis durante todo o dia.<\/p>\n\n\n\n<p>A\u00e7\u00f5s da Sa\u00fade, de 8h \u00e0s 15h, pr\u00e9dio da Vigil\u00e2ncia em Sa\u00fade &#8211; Realiza\u00e7\u00e3o de exame preventivo, atrav\u00e9s de agendamento pr\u00e9vio com a Ouvidoria de Sa\u00fade (0800 024 3399) e demanda espont\u00e2nea; Realiza\u00e7\u00e3o de teste r\u00e1pido, diagn\u00f3stico de Hepatite B, C, S\u00edfilis e HIV; Auriculoterapia.<\/p>\n\n\n\n<p>8h &#8211; Torneio de integra\u00e7\u00e3o de futebol society sub-9 e sub-11.<\/p>\n\n\n\n<p>12h &#8211; Show do Intervalo, com abertura dos restaurantes ambulantes locais.<\/p>\n\n\n\n<p>16h &#8211; Show de Tiee&nbsp;&nbsp;<\/p>\n","protected":false},"excerpt":{"rendered":"<p>A Prefeitura de Quissam\u00e3 realiza na pr\u00f3xima segunda-feira (1), de 8h \u00e0s 16h, um evento em comemora\u00e7\u00e3o ao Dia do Trabalho, no Parque de Exposi\u00e7\u00f5es. A popula\u00e7\u00e3o poder\u00e1 aproveitar diversos servi\u00e7os, como exame preventivo, teste r\u00e1pidos para doen\u00e7as, esporte, brinquedos, al\u00e9m de apresenta\u00e7\u00f5es do grupo Show do Intervalo e Tiee. O evento \u00e9 resultado de [&hellip;]<\/p>\n","protected":false},"author":2,"featured_media":9364,"comment_status":"closed","ping_status":"closed","sticky":false,"template":"","format":"standard","meta":{"postBodyCss":"","postBodyMargin":[],"postBodyPadding":[],"postBodyBackground":{"backgroundType":"classic","gradient":""},"footnotes":""},"categories":[200,50,43],"tags":[517,487,90],"class_list":["post-9356","post","type-post","status-publish","format-standard","has-post-thumbnail","hentry","category-evento","category-quissama","category-regiao","tag-dia-do-trabalhador","tag-feriado","tag-shows"],"aioseo_notices":[],"_links":{"self":[{"href":"https:\/\/aconteceemmacaeeregiao.com.br\/index.php\/wp-json\/wp\/v2\/posts\/9356","targetHints":{"allow":["GET"]}}],"collection":[{"href":"https:\/\/aconteceemmacaeeregiao.com.br\/index.php\/wp-json\/wp\/v2\/posts"}],"about":[{"href":"https:\/\/aconteceemmacaeeregiao.com.br\/index.php\/wp-json\/wp\/v2\/types\/post"}],"author":[{"embeddable":true,"href":"https:\/\/aconteceemmacaeeregiao.com.br\/index.php\/wp-json\/wp\/v2\/users\/2"}],"replies":[{"embeddable":true,"href":"https:\/\/aconteceemmacaeeregiao.com.br\/index.php\/wp-json\/wp\/v2\/comments?post=9356"}],"version-history":[{"count":0,"href":"https:\/\/aconteceemmacaeeregiao.com.br\/index.php\/wp-json\/wp\/v2\/posts\/9356\/revisions"}],"wp:featuredmedia":[{"embeddable":true,"href":"https:\/\/aconteceemmacaeeregiao.com.br\/index.php\/wp-json\/wp\/v2\/media\/9364"}],"wp:attachment":[{"href":"https:\/\/aconteceemmacaeeregiao.com.br\/index.php\/wp-json\/wp\/v2\/media?parent=9356"}],"wp:term":[{"taxonomy":"category","embeddable":true,"href":"https:\/\/aconteceemmacaeeregiao.com.br\/index.php\/wp-json\/wp\/v2\/categories?post=9356"},{"taxonomy":"post_tag","embeddable":true,"href":"https:\/\/aconteceemmacaeeregiao.com.br\/index.php\/wp-json\/wp\/v2\/tags?post=9356"}],"curies":[{"name":"wp","href":"https:\/\/api.w.org\/{rel}","templated":true}]}}