{"id":9366,"date":"2023-04-28T22:43:11","date_gmt":"2023-04-29T01:43:11","guid":{"rendered":"https:\/\/aconteceemmacaeeregiao.com.br\/?p=9366"},"modified":"2023-04-28T22:43:12","modified_gmt":"2023-04-29T01:43:12","slug":"atleta-do-bmx-race-e-campeao-mineiro-e-vice-no-campeonato-paulista","status":"publish","type":"post","link":"https:\/\/aconteceemmacaeeregiao.com.br\/index.php\/2023\/04\/28\/atleta-do-bmx-race-e-campeao-mineiro-e-vice-no-campeonato-paulista\/","title":{"rendered":"Atleta do BMX Race \u00e9 Campe\u00e3o Mineiro e Vice no Campeonato Paulista"},"content":{"rendered":"\n<p>Mais um contemplado do programa Bolsa-Atleta, Juliano Silva, 33 anos, competidor de BMX Race ou Bicicross, consagrou-se Campe\u00e3o Mineiro e Vice no Campeonato Paulista. As disputas foram nos dias 16 e 23 de abril, respectivamente.<\/p>\n\n\n\n<p>No Mineiro, realizado na cidade de Betim-MG, Juliano competiu e venceu as tr\u00eas corridas disputadas, tornando-se o campe\u00e3o na categoria Cruiser, de 30 a 34 anos. Com o resultado, o atleta assumiu a lideran\u00e7a no ranking da competi\u00e7\u00e3o, que possui, ao todo, cinco etapas para definir o campe\u00e3o do estado de Minas Gerais, no ano de 2023.<\/p>\n\n\n<div class=\"wp-block-image\">\n<figure class=\"aligncenter size-large\"><img fetchpriority=\"high\" decoding=\"async\" width=\"1024\" height=\"682\" src=\"https:\/\/aconteceemmacaeeregiao.com.br\/wp-content\/uploads\/2023\/04\/1682774830-1024x682.jpg\" alt=\"\" class=\"wp-image-9368\" srcset=\"https:\/\/aconteceemmacaeeregiao.com.br\/wp-content\/uploads\/2023\/04\/1682774830-1024x682.jpg 1024w, https:\/\/aconteceemmacaeeregiao.com.br\/wp-content\/uploads\/2023\/04\/1682774830-300x200.jpg 300w, https:\/\/aconteceemmacaeeregiao.com.br\/wp-content\/uploads\/2023\/04\/1682774830-768x512.jpg 768w, https:\/\/aconteceemmacaeeregiao.com.br\/wp-content\/uploads\/2023\/04\/1682774830-1536x1023.jpg 1536w, https:\/\/aconteceemmacaeeregiao.com.br\/wp-content\/uploads\/2023\/04\/1682774830-1200x800.jpg 1200w, https:\/\/aconteceemmacaeeregiao.com.br\/wp-content\/uploads\/2023\/04\/1682774830.jpg 1600w\" sizes=\"(max-width: 1024px) 100vw, 1024px\" \/><\/figure>\n<\/div>\n\n\n<p>J\u00e1 no Paulista, Juliano ficou em segundo lugar da 2\u00aa etapa, na mesma categoria, permanecendo na lideran\u00e7a do ranking. Ao todo, a competi\u00e7\u00e3o possui oito etapas e, ao fim delas, quem estiver em primeiro ser\u00e1 o campe\u00e3o paulista da temporada 2023.<\/p>\n\n\n<div class=\"wp-block-image\">\n<figure class=\"alignleft size-large is-resized\"><img decoding=\"async\" data-src=\"https:\/\/aconteceemmacaeeregiao.com.br\/wp-content\/uploads\/2023\/04\/1682769010-768x1024.jpg\" alt=\"\" class=\"wp-image-9370 lazyload\" width=\"369\" height=\"492\" data-srcset=\"https:\/\/aconteceemmacaeeregiao.com.br\/wp-content\/uploads\/2023\/04\/1682769010-768x1023.jpg 768w, https:\/\/aconteceemmacaeeregiao.com.br\/wp-content\/uploads\/2023\/04\/1682769010-225x300.jpg 225w, https:\/\/aconteceemmacaeeregiao.com.br\/wp-content\/uploads\/2023\/04\/1682769010-1153x1536.jpg 1153w, https:\/\/aconteceemmacaeeregiao.com.br\/wp-content\/uploads\/2023\/04\/1682769010.jpg 1200w\" data-sizes=\"(max-width: 369px) 100vw, 369px\" src=\"data:image\/svg+xml;base64,PHN2ZyB3aWR0aD0iMSIgaGVpZ2h0PSIxIiB4bWxucz0iaHR0cDovL3d3dy53My5vcmcvMjAwMC9zdmciPjwvc3ZnPg==\" style=\"--smush-placeholder-width: 369px; --smush-placeholder-aspect-ratio: 369\/492;\" \/><\/figure>\n<\/div>\n\n\n<p>No m\u00eas de abril, al\u00e9m do campeonato Mineiro e Paulista, o atleta entra na pista novamente neste final de semana (29 e 30\/04), para competir no Campeonato Sul-americano e a Copa Latino-Americana, na cidade de Indaiatuba-SP. Ambos s\u00e3o realizados pela Confedera\u00e7\u00e3o Pan-Americana de Ciclismo BMX (COPACI) e Confedera\u00e7\u00e3o Brasileira de Ciclismo (CBC).<\/p>\n\n\n\n<p><em>Por Secom Pref. de Maca\u00e9<\/em><\/p>\n","protected":false},"excerpt":{"rendered":"<p>Mais um contemplado do programa Bolsa-Atleta, Juliano Silva, 33 anos, competidor de BMX Race ou Bicicross, consagrou-se Campe\u00e3o Mineiro e Vice no Campeonato Paulista. As disputas foram nos dias 16 e 23 de abril, respectivamente. No Mineiro, realizado na cidade de Betim-MG, Juliano competiu e venceu as tr\u00eas corridas disputadas, tornando-se o campe\u00e3o na categoria [&hellip;]<\/p>\n","protected":false},"author":2,"featured_media":9369,"comment_status":"closed","ping_status":"closed","sticky":false,"template":"","format":"standard","meta":{"postBodyCss":"","postBodyMargin":[],"postBodyPadding":[],"postBodyBackground":{"backgroundType":"classic","gradient":""},"footnotes":""},"categories":[6,42],"tags":[518],"class_list":["post-9366","post","type-post","status-publish","format-standard","has-post-thumbnail","hentry","category-esporte","category-macae","tag-bmx-race"],"aioseo_notices":[],"_links":{"self":[{"href":"https:\/\/aconteceemmacaeeregiao.com.br\/index.php\/wp-json\/wp\/v2\/posts\/9366","targetHints":{"allow":["GET"]}}],"collection":[{"href":"https:\/\/aconteceemmacaeeregiao.com.br\/index.php\/wp-json\/wp\/v2\/posts"}],"about":[{"href":"https:\/\/aconteceemmacaeeregiao.com.br\/index.php\/wp-json\/wp\/v2\/types\/post"}],"author":[{"embeddable":true,"href":"https:\/\/aconteceemmacaeeregiao.com.br\/index.php\/wp-json\/wp\/v2\/users\/2"}],"replies":[{"embeddable":true,"href":"https:\/\/aconteceemmacaeeregiao.com.br\/index.php\/wp-json\/wp\/v2\/comments?post=9366"}],"version-history":[{"count":0,"href":"https:\/\/aconteceemmacaeeregiao.com.br\/index.php\/wp-json\/wp\/v2\/posts\/9366\/revisions"}],"wp:featuredmedia":[{"embeddable":true,"href":"https:\/\/aconteceemmacaeeregiao.com.br\/index.php\/wp-json\/wp\/v2\/media\/9369"}],"wp:attachment":[{"href":"https:\/\/aconteceemmacaeeregiao.com.br\/index.php\/wp-json\/wp\/v2\/media?parent=9366"}],"wp:term":[{"taxonomy":"category","embeddable":true,"href":"https:\/\/aconteceemmacaeeregiao.com.br\/index.php\/wp-json\/wp\/v2\/categories?post=9366"},{"taxonomy":"post_tag","embeddable":true,"href":"https:\/\/aconteceemmacaeeregiao.com.br\/index.php\/wp-json\/wp\/v2\/tags?post=9366"}],"curies":[{"name":"wp","href":"https:\/\/api.w.org\/{rel}","templated":true}]}}