{"id":9389,"date":"2023-04-29T16:51:10","date_gmt":"2023-04-29T19:51:10","guid":{"rendered":"https:\/\/aconteceemmacaeeregiao.com.br\/?p=9389"},"modified":"2023-04-29T16:51:11","modified_gmt":"2023-04-29T19:51:11","slug":"cavalgada-acontece-no-dia-do-trabalhador","status":"publish","type":"post","link":"https:\/\/aconteceemmacaeeregiao.com.br\/index.php\/2023\/04\/29\/cavalgada-acontece-no-dia-do-trabalhador\/","title":{"rendered":"Cavalgada acontece no Dia do Trabalhador"},"content":{"rendered":"\n<p>Para marcar o feriado do dia 1\u00ba de maio, Rio das Ostras realizar\u00e1 a tradicional Cavalgada do Trabalhador, em Cantagalo. O evento tem concentra\u00e7\u00e3o marcada a partir das 10h, na Fazenda dos&nbsp;Bufalos, e&nbsp;sa\u00edda as 13h com destino ao S\u00edtio do Jamil.<\/p>\n\n\n\n<p>Depois da chegada dos cavaleiros, uma tarde de shows marca as comemora\u00e7\u00f5es do Dia do Trabalhador, a partir das 16h, com apresenta\u00e7\u00f5es de Josiel Maia, Bira Bello, Bruno&nbsp;Santos,&nbsp;Nenel do Forr\u00f3, Banda Os Piratas, Banda Catuka\u00ed e Terremoto do Forr\u00f3 e Djs Costa e Boc\u00e3o. A locu\u00e7\u00e3o ficar\u00e1 por conta de Leandro Barreto e Casimiro Jos\u00e9. O evento \u00e9 gratuito.<\/p>\n\n\n\n<p>A Cavalgada do Trabalhador faz parte do calend\u00e1rio de eventos e recebeu incentivo por emenda impositiva da C\u00e2mara Municipal.<\/p>\n\n\n\n<p>O evento \u00e9 uma realiza\u00e7\u00e3o de Thiago Anzol, Restaurante do Jamil e JP, conta com patroc\u00ednio da boutique Brutos e Traiados Moda Country e apoio da Prefeitura de Rio das Ostras.<\/p>\n\n\n\n<p><em>Secom Pref. de Rio das Ostras<\/em><\/p>\n","protected":false},"excerpt":{"rendered":"<p>Para marcar o feriado do dia 1\u00ba de maio, Rio das Ostras realizar\u00e1 a tradicional Cavalgada do Trabalhador, em Cantagalo. O evento tem concentra\u00e7\u00e3o marcada a partir das 10h, na Fazenda dos&nbsp;Bufalos, e&nbsp;sa\u00edda as 13h com destino ao S\u00edtio do Jamil. Depois da chegada dos cavaleiros, uma tarde de shows marca as comemora\u00e7\u00f5es do Dia [&hellip;]<\/p>\n","protected":false},"author":2,"featured_media":9391,"comment_status":"closed","ping_status":"closed","sticky":false,"template":"","format":"standard","meta":{"postBodyCss":"","postBodyMargin":[],"postBodyPadding":[],"postBodyBackground":{"backgroundType":"classic","gradient":""},"footnotes":""},"categories":[200],"tags":[525,524,517,487],"class_list":["post-9389","post","type-post","status-publish","format-standard","has-post-thumbnail","hentry","category-evento","tag-cantagalo","tag-cavalgada","tag-dia-do-trabalhador","tag-feriado"],"aioseo_notices":[],"_links":{"self":[{"href":"https:\/\/aconteceemmacaeeregiao.com.br\/index.php\/wp-json\/wp\/v2\/posts\/9389","targetHints":{"allow":["GET"]}}],"collection":[{"href":"https:\/\/aconteceemmacaeeregiao.com.br\/index.php\/wp-json\/wp\/v2\/posts"}],"about":[{"href":"https:\/\/aconteceemmacaeeregiao.com.br\/index.php\/wp-json\/wp\/v2\/types\/post"}],"author":[{"embeddable":true,"href":"https:\/\/aconteceemmacaeeregiao.com.br\/index.php\/wp-json\/wp\/v2\/users\/2"}],"replies":[{"embeddable":true,"href":"https:\/\/aconteceemmacaeeregiao.com.br\/index.php\/wp-json\/wp\/v2\/comments?post=9389"}],"version-history":[{"count":0,"href":"https:\/\/aconteceemmacaeeregiao.com.br\/index.php\/wp-json\/wp\/v2\/posts\/9389\/revisions"}],"wp:featuredmedia":[{"embeddable":true,"href":"https:\/\/aconteceemmacaeeregiao.com.br\/index.php\/wp-json\/wp\/v2\/media\/9391"}],"wp:attachment":[{"href":"https:\/\/aconteceemmacaeeregiao.com.br\/index.php\/wp-json\/wp\/v2\/media?parent=9389"}],"wp:term":[{"taxonomy":"category","embeddable":true,"href":"https:\/\/aconteceemmacaeeregiao.com.br\/index.php\/wp-json\/wp\/v2\/categories?post=9389"},{"taxonomy":"post_tag","embeddable":true,"href":"https:\/\/aconteceemmacaeeregiao.com.br\/index.php\/wp-json\/wp\/v2\/tags?post=9389"}],"curies":[{"name":"wp","href":"https:\/\/api.w.org\/{rel}","templated":true}]}}