{"id":9484,"date":"2023-05-02T22:30:34","date_gmt":"2023-05-03T01:30:34","guid":{"rendered":"https:\/\/aconteceemmacaeeregiao.com.br\/?p=9484"},"modified":"2023-05-02T22:30:35","modified_gmt":"2023-05-03T01:30:35","slug":"macae-divulga-273-oportunidades-de-emprego","status":"publish","type":"post","link":"https:\/\/aconteceemmacaeeregiao.com.br\/index.php\/2023\/05\/02\/macae-divulga-273-oportunidades-de-emprego\/","title":{"rendered":"Maca\u00e9 divulga 273 oportunidades de emprego"},"content":{"rendered":"\n<p>Com a expans\u00e3o de bases empresariais do segmento offshore, o desenvolvimento de projetos voltados ao agroneg\u00f3cio e o fortalecimento do com\u00e9rcio local, Maca\u00e9 vem liderando a gera\u00e7\u00e3o de novos postos de trabalho na regi\u00e3o. Nos tr\u00eas primeiros meses deste ano foram criados 3,5 novos empregos. E para quem ainda busca uma oportunidade no mercado de trabalho, a Secretaria de Trabalho e Renda divulga &#8211; nesta ter\u00e7a-feira (02) &#8211; 273 oportunidades para diferentes n\u00edveis de escolaridade e para pessoas com defici\u00eancia.<\/p>\n\n\n\n<p>Os destaques da semana s\u00e3o para os cargos de cozinheiro mar\u00edtimo, manobrista, t\u00e9cnica de enfermagem, mec\u00e2nico de torno, operador de empilhadeira, caldeireiro escalador N1, caldeireiro convencional, soldador, plataformista (perfura\u00e7\u00e3o), a\u00e7ougueiro, assistente financeiro, vendedor, t\u00e9cnico em sa\u00fade bucal, auxiliar administrativo, fiscal de preven\u00e7\u00e3o e perda, motorista, taifeiro mar\u00edtimo, vigia, padeiro, entre outros.<br><br>Os interessados em concorrer \u00e0s vagas podem se dirigir \u00e0 sede da Central do Trabalhador, que funciona no Edif\u00edcio Comercial Lotus, na Avenida Nossa Senhora da Gl\u00f3ria, 1181, Praia Campista, de 8h \u00e0s 17h. Caso n\u00e3o encontre uma vaga que se encaixe no perfil desejado, \u00e9 poss\u00edvel fazer um cadastro de forma online.<br><br>Segundo o Cadastro Geral de Empregados e Desempregados (CAGED), Maca\u00e9 gerou, em mar\u00e7o, novos 1.524 postos de trabalho, acumulando no ano o total de 3.546. Desde 2021, o munic\u00edpio soma mais de 24 mil novos empregos criados.<br><br><strong><a href=\"https:\/\/sistemas.macae.rj.gov.br:84\/semtre\/interno\/interno\/muralexterno.php\">Clique e confira a lista completa<\/a>.<br><\/strong>Seguem os links de acesso aos servi\u00e7os da Secretaria de Trabalho e Renda:<br><br>Ao empres\u00e1rio:\u00a0<a href=\"https:\/\/sistemas.macae.rj.gov.br:84\/trabalhoerenda\/\">cadastrar vagas de emprego<\/a>.<br><br>Ao trabalhador:\u00a0<a href=\"https:\/\/sistemas.macae.rj.gov.br:84\/trabalhoerenda\/\">efetuar o cadastro para vagas de emprego<\/a>.<\/p>\n\n\n\n<p><em>Por Jornalista Genimarta Oliveira\/ Secom Pref. de Maca\u00e9<\/em><\/p>\n","protected":false},"excerpt":{"rendered":"<p>Com a expans\u00e3o de bases empresariais do segmento offshore, o desenvolvimento de projetos voltados ao agroneg\u00f3cio e o fortalecimento do com\u00e9rcio local, Maca\u00e9 vem liderando a gera\u00e7\u00e3o de novos postos de trabalho na regi\u00e3o. Nos tr\u00eas primeiros meses deste ano foram criados 3,5 novos empregos. E para quem ainda busca uma oportunidade no mercado de [&hellip;]<\/p>\n","protected":false},"author":2,"featured_media":9486,"comment_status":"closed","ping_status":"closed","sticky":false,"template":"","format":"standard","meta":{"postBodyCss":"","postBodyMargin":[],"postBodyPadding":[],"postBodyBackground":{"backgroundType":"classic","gradient":""},"footnotes":""},"categories":[73,42],"tags":[77,82,87],"class_list":["post-9484","post","type-post","status-publish","format-standard","has-post-thumbnail","hentry","category-emprego","category-macae","tag-emprego","tag-oportunidade","tag-vagas"],"aioseo_notices":[],"_links":{"self":[{"href":"https:\/\/aconteceemmacaeeregiao.com.br\/index.php\/wp-json\/wp\/v2\/posts\/9484","targetHints":{"allow":["GET"]}}],"collection":[{"href":"https:\/\/aconteceemmacaeeregiao.com.br\/index.php\/wp-json\/wp\/v2\/posts"}],"about":[{"href":"https:\/\/aconteceemmacaeeregiao.com.br\/index.php\/wp-json\/wp\/v2\/types\/post"}],"author":[{"embeddable":true,"href":"https:\/\/aconteceemmacaeeregiao.com.br\/index.php\/wp-json\/wp\/v2\/users\/2"}],"replies":[{"embeddable":true,"href":"https:\/\/aconteceemmacaeeregiao.com.br\/index.php\/wp-json\/wp\/v2\/comments?post=9484"}],"version-history":[{"count":0,"href":"https:\/\/aconteceemmacaeeregiao.com.br\/index.php\/wp-json\/wp\/v2\/posts\/9484\/revisions"}],"wp:featuredmedia":[{"embeddable":true,"href":"https:\/\/aconteceemmacaeeregiao.com.br\/index.php\/wp-json\/wp\/v2\/media\/9486"}],"wp:attachment":[{"href":"https:\/\/aconteceemmacaeeregiao.com.br\/index.php\/wp-json\/wp\/v2\/media?parent=9484"}],"wp:term":[{"taxonomy":"category","embeddable":true,"href":"https:\/\/aconteceemmacaeeregiao.com.br\/index.php\/wp-json\/wp\/v2\/categories?post=9484"},{"taxonomy":"post_tag","embeddable":true,"href":"https:\/\/aconteceemmacaeeregiao.com.br\/index.php\/wp-json\/wp\/v2\/tags?post=9484"}],"curies":[{"name":"wp","href":"https:\/\/api.w.org\/{rel}","templated":true}]}}