{"id":9488,"date":"2023-05-02T22:38:08","date_gmt":"2023-05-03T01:38:08","guid":{"rendered":"https:\/\/aconteceemmacaeeregiao.com.br\/?p=9488"},"modified":"2023-05-02T22:38:09","modified_gmt":"2023-05-03T01:38:09","slug":"dia-d-para-vacinacao-contra-influenza-e-covid-19-neste-sabado","status":"publish","type":"post","link":"https:\/\/aconteceemmacaeeregiao.com.br\/index.php\/2023\/05\/02\/dia-d-para-vacinacao-contra-influenza-e-covid-19-neste-sabado\/","title":{"rendered":"Dia D para vacina\u00e7\u00e3o contra influenza e Covid-19 neste s\u00e1bado"},"content":{"rendered":"\n<p>O Dia D de vacina\u00e7\u00e3o de grupos priorit\u00e1rios da influenza e da vacina bivalente ser\u00e1 neste s\u00e1bado (6) das 8 \u00e0s 13 horas em 21 unidades de sa\u00fade de Maca\u00e9, tanto Estrat\u00e9gias Sa\u00fade da Fam\u00edlia (ESF) quanto Unidades B\u00e1sicas de Sa\u00fade, al\u00e9m da sala de vacina Aeroporto.<\/p>\n\n\n\n<p>Para a influenza, os grupos priorit\u00e1rios comp\u00f5em o foco: idosos com 60 anos e mais; trabalhadores da sa\u00fade; crian\u00e7as de seis meses a menos que seis anos; gestantes; pu\u00e9rperas; povos ind\u00edgenas; professores; comorbidades; pessoas com defici\u00eancia permanente; caminhoneiros; trabalhadores de transporte coletivo rodovi\u00e1rio; trabalhadores portu\u00e1rios; for\u00e7as de seguran\u00e7a e salvamento; for\u00e7as armadas; funcion\u00e1rios do sistema de priva\u00e7\u00e3o de liberdade; popula\u00e7\u00e3o privada de liberdade com mais de 18 anos de idade; adolescentes e jovens em medidas socioeducativas.<br><br>Para a bivalente, \u00e9 preciso apresentar o comprovante de vacina\u00e7\u00e3o com pelo menos duas doses de vacinas monovalentes contra a Covid-19. A imuniza\u00e7\u00e3o \u00e9 destinada a popula\u00e7\u00e3o geral a partir de 18 anos, trabalhadores de sa\u00fade a partir de 18 anos, pessoas com defici\u00eancia permanente a partir de 12 anos, pessoas imunocomprometidas a partir de 12 anos, e pessoas com comorbidades a partir de 12 anos. Gestantes e pu\u00e9rperas tamb\u00e9m comp\u00f5em o grupo.<br><br>A vacina\u00e7\u00e3o ser\u00e1 realizada nas unidades: ESF Visconde, ESF Campo do Oeste, ESF Imbetiba, ESF Praia Campista, ESF Malvinas B, ESF Malvinas A\/C, ESF Aroeira, UBS Novo Cavaleiros, ESF Barra Bras\u00edlia, ESF Lagomar B\/C, ESF Lagomar A\/D, ESF Ajuda B, ESF Nova Holanda, UBS Barramares, sala de vacina Aeroporto e Casa da Vacina.<br><br>Na regi\u00e3o serrana, a vacina\u00e7\u00e3o ocorre no ESF Frade, ESF Sana, ESF Bicuda Grande, ESF C\u00f3rrego do Ouro e ESF Glic\u00e9rio.<\/p>\n\n\n\n<p><em>Por Jornalista Janira Braga\/ Secom Pref. de Maca\u00e9<\/em><\/p>\n","protected":false},"excerpt":{"rendered":"<p>O Dia D de vacina\u00e7\u00e3o de grupos priorit\u00e1rios da influenza e da vacina bivalente ser\u00e1 neste s\u00e1bado (6) das 8 \u00e0s 13 horas em 21 unidades de sa\u00fade de Maca\u00e9, tanto Estrat\u00e9gias Sa\u00fade da Fam\u00edlia (ESF) quanto Unidades B\u00e1sicas de Sa\u00fade, al\u00e9m da sala de vacina Aeroporto. Para a influenza, os grupos priorit\u00e1rios comp\u00f5em o [&hellip;]<\/p>\n","protected":false},"author":2,"featured_media":9490,"comment_status":"closed","ping_status":"closed","sticky":false,"template":"","format":"standard","meta":{"postBodyCss":"","postBodyMargin":[],"postBodyPadding":[],"postBodyBackground":{"backgroundType":"classic","gradient":""},"footnotes":""},"categories":[136,42,78],"tags":[327,459,137],"class_list":["post-9488","post","type-post","status-publish","format-standard","has-post-thumbnail","hentry","category-covid-19","category-macae","category-saude","tag-bivalente","tag-gripe","tag-vacina"],"aioseo_notices":[],"_links":{"self":[{"href":"https:\/\/aconteceemmacaeeregiao.com.br\/index.php\/wp-json\/wp\/v2\/posts\/9488","targetHints":{"allow":["GET"]}}],"collection":[{"href":"https:\/\/aconteceemmacaeeregiao.com.br\/index.php\/wp-json\/wp\/v2\/posts"}],"about":[{"href":"https:\/\/aconteceemmacaeeregiao.com.br\/index.php\/wp-json\/wp\/v2\/types\/post"}],"author":[{"embeddable":true,"href":"https:\/\/aconteceemmacaeeregiao.com.br\/index.php\/wp-json\/wp\/v2\/users\/2"}],"replies":[{"embeddable":true,"href":"https:\/\/aconteceemmacaeeregiao.com.br\/index.php\/wp-json\/wp\/v2\/comments?post=9488"}],"version-history":[{"count":0,"href":"https:\/\/aconteceemmacaeeregiao.com.br\/index.php\/wp-json\/wp\/v2\/posts\/9488\/revisions"}],"wp:featuredmedia":[{"embeddable":true,"href":"https:\/\/aconteceemmacaeeregiao.com.br\/index.php\/wp-json\/wp\/v2\/media\/9490"}],"wp:attachment":[{"href":"https:\/\/aconteceemmacaeeregiao.com.br\/index.php\/wp-json\/wp\/v2\/media?parent=9488"}],"wp:term":[{"taxonomy":"category","embeddable":true,"href":"https:\/\/aconteceemmacaeeregiao.com.br\/index.php\/wp-json\/wp\/v2\/categories?post=9488"},{"taxonomy":"post_tag","embeddable":true,"href":"https:\/\/aconteceemmacaeeregiao.com.br\/index.php\/wp-json\/wp\/v2\/tags?post=9488"}],"curies":[{"name":"wp","href":"https:\/\/api.w.org\/{rel}","templated":true}]}}