{"id":9572,"date":"2023-05-04T20:39:52","date_gmt":"2023-05-04T23:39:52","guid":{"rendered":"https:\/\/aconteceemmacaeeregiao.com.br\/?p=9572"},"modified":"2023-05-04T20:39:53","modified_gmt":"2023-05-04T23:39:53","slug":"feiras-de-adocao-de-animais-e-do-produtor-rural-neste-sabado-06","status":"publish","type":"post","link":"https:\/\/aconteceemmacaeeregiao.com.br\/index.php\/2023\/05\/04\/feiras-de-adocao-de-animais-e-do-produtor-rural-neste-sabado-06\/","title":{"rendered":"Feiras\u00a0de Ado\u00e7\u00e3o de Animais e do Produtor Rural\u00a0neste s\u00e1bado (06)\u00a0"},"content":{"rendered":"\n<p><em><strong>Campanha de Dia das M\u00e3es j\u00e1 come\u00e7ou,<\/strong> <strong>com mote que remete a boas lembran\u00e7as<\/strong><\/em><\/p>\n\n\n\n<p>Duas famosas feirinhas do Shopping Park Lagos, a Feira de Ado\u00e7\u00e3o de Animais e a Feira do Produtor Rural, movimentam o estacionamento do shopping no pr\u00f3ximo s\u00e1bado, dia 06 de maio. O programa em fam\u00edlia acontece das 10h \u00e0s 17h.<\/p>\n\n\n\n<p>A Feira do Produtor Rural (das 10h \u00e0s 17h) tem como estrelas as hortali\u00e7as, os legumes e as frutas fresquinhas, al\u00e9m de queijos, ovos, bolos, artesanato e pastel. J\u00e1 a Feira de Ado\u00e7\u00e3o de Animais (das 11h \u00e0s 17h), re\u00fane c\u00e3es e gatos \u00e0 espera de um novo lar com muito carinho.<\/p>\n\n\n\n<p><strong>C\u00e3es &amp; Gatos<\/strong><\/p>\n\n\n\n<p>A feirinha de ado\u00e7\u00e3o de animais do Canil Municipal ir\u00e1 reunir c\u00e3es e gatos que est\u00e3o \u00e0 espera de um novo lar e prometem retribuir com muito amor. Os interessados em adotar um bichinho devem ter mais de 21 anos e apresentar carteira de identidade, CPF e comprovante de resid\u00eancia.<\/p>\n\n\n\n<p><strong>Produtor Rural<\/strong><\/p>\n\n\n\n<p>Promovida pela Secretaria Municipal de Agricultura e Pesca, a Feira do Produtor Rural tem como objetivo fomentar a agricultura familiar, oferecendo bons espa\u00e7os aos agricultores para a comercializa\u00e7\u00e3o de seus produtos. Em 2023, o evento ser\u00e1 mensal no Park Lagos, sempre no primeiro s\u00e1bado do m\u00eas.<\/p>\n\n\n\n<p>A feira oferece hortali\u00e7as, frutas, legumes, ovos, aipim, queijos, bolos, entre outros produtos, vindos diretamente das propriedades agr\u00edcolas de Cabo Frio. Todos os produtos levam o Selo do Produtor Rural, que \u00e9 uma autentica\u00e7\u00e3o que garante a proced\u00eancia dos produtos, assim como o cultivo e a produ\u00e7\u00e3o dos g\u00eaneros aliment\u00edcios e artesanais no munic\u00edpio.<\/p>\n\n\n\n<p><strong>Dia das M\u00e3es<\/strong><\/p>\n\n\n\n<p>Que tal aproveitar o passeio nas feiras e garantir o presente da mam\u00e3e e ainda levar um mimo extra? Come\u00e7ou nesta quinta-feira (04) a promo\u00e7\u00e3o &#8220;M\u00e3e adora uma boa lembran\u00e7a&#8221; \u2013 a cada R$ 400 em compras<strong>&nbsp;<\/strong>\u00e9 poss\u00edvel trocar as notas fiscais por um prato exclusivo assinado pelo artista pl\u00e1stico cabo-friense Yuri Vasconcellos (limitado a duas pe\u00e7as por CPF). S\u00e3o tr\u00eas lou\u00e7as que retratam cen\u00e1rios t\u00edpicos cabo-frienses, com muitas cores, barquinhos de pesca e guarda-s\u00f3is. A campanha &#8220;M\u00e3e adora boas lembran\u00e7as&#8221; segue at\u00e9 o 14 de maio (ou enquanto durarem os estoques). &nbsp;<\/p>\n\n\n\n<p>A troca das notas fiscais pelos pratos deve ser feita no stand montado na Pra\u00e7a Sambaqui. Por l\u00e1, uma exposi\u00e7\u00e3o explica a ilustra\u00e7\u00e3o de cada pintura, al\u00e9m de trazer refer\u00eancias \u00e0 tradicional culin\u00e1ria da regi\u00e3o. Os pratos celebram, ainda, aos 10 anos do Shopping Park Lagos.<\/p>\n\n\n\n<p><strong><u>Feira Ado\u00e7\u00e3o de Animais &amp; Feira do Produtor Rural<\/u><\/strong><\/p>\n\n\n\n<p><strong>Data:&nbsp;<\/strong>06 de maio &#8211; s\u00e1bado<\/p>\n\n\n\n<p><strong>Hora:&nbsp;<\/strong>das 10h \u00e0s 17h (Produtor Rural) e das 11h \u00e0s 17h (Ado\u00e7\u00e3o de Animais)<\/p>\n\n\n\n<p><strong>Local:&nbsp;<\/strong>Estacionamento<\/p>\n\n\n\n<p><strong>Shopping Park Lagos<\/strong><\/p>\n\n\n\n<p><a>Av. Henrique Terra, 1.700 \u2013 Portinho&nbsp;<\/a>&#8211; Cabo Frio<\/p>\n\n\n\n<p>Tel: (22) 3058-0330<\/p>\n\n\n\n<p>Whatsapp: (22) 9-9211-8540 (somente mensagens de texto)<\/p>\n\n\n\n<p><a href=\"http:\/\/www.shoppingparklagos.com.br\/\" target=\"_blank\" rel=\"noreferrer noopener\">www.shoppingparklagos.com.br<\/a><\/p>\n\n\n\n<p>Instagram: @parklagos<\/p>\n\n\n\n<p>Facebook: \/<a href=\"https:\/\/www.facebook.com\/shoppingparklagos\" target=\"_blank\" rel=\"noreferrer noopener\">shoppingparklagos<\/a><\/p>\n\n\n\n<p><strong>Hor\u00e1rios de Funcionamento<\/strong><\/p>\n\n\n\n<p><strong><em>Lojas e quiosques:<\/em><\/strong><\/p>\n\n\n\n<p>Segunda a s\u00e1bado, das 10h \u00e0s 22h<\/p>\n\n\n\n<p>Domingo, das 13h \u00e0s 21h<\/p>\n\n\n\n<p><strong><em>Pra\u00e7a de Alimenta\u00e7\u00e3o:<\/em><\/strong><\/p>\n\n\n\n<p>Segunda a s\u00e1bado, das 10h \u00e0s 22h<\/p>\n\n\n\n<p>Domingo, das 12h \u00e0s 22h<\/p>\n\n\n\n<p><strong><em>Supermarket:<\/em><\/strong><\/p>\n\n\n\n<p>Segunda a s\u00e1bado, das 8h \u00e0s 22h<\/p>\n\n\n\n<p>Domingo, das 10h \u00e0s 21h<\/p>\n","protected":false},"excerpt":{"rendered":"<p>Campanha de Dia das M\u00e3es j\u00e1 come\u00e7ou, com mote que remete a boas lembran\u00e7as Duas famosas feirinhas do Shopping Park Lagos, a Feira de Ado\u00e7\u00e3o de Animais e a Feira do Produtor Rural, movimentam o estacionamento do shopping no pr\u00f3ximo s\u00e1bado, dia 06 de maio. O programa em fam\u00edlia acontece das 10h \u00e0s 17h. A [&hellip;]<\/p>\n","protected":false},"author":2,"featured_media":9574,"comment_status":"closed","ping_status":"closed","sticky":false,"template":"","format":"standard","meta":{"postBodyCss":"","postBodyMargin":[],"postBodyPadding":[],"postBodyBackground":{"backgroundType":"classic","gradient":""},"footnotes":""},"categories":[155,200,43],"tags":[540,117,289],"class_list":["post-9572","post","type-post","status-publish","format-standard","has-post-thumbnail","hentry","category-cabo-frio","category-evento","category-regiao","tag-doacao","tag-pets","tag-shopping-park-lagos"],"aioseo_notices":[],"_links":{"self":[{"href":"https:\/\/aconteceemmacaeeregiao.com.br\/index.php\/wp-json\/wp\/v2\/posts\/9572","targetHints":{"allow":["GET"]}}],"collection":[{"href":"https:\/\/aconteceemmacaeeregiao.com.br\/index.php\/wp-json\/wp\/v2\/posts"}],"about":[{"href":"https:\/\/aconteceemmacaeeregiao.com.br\/index.php\/wp-json\/wp\/v2\/types\/post"}],"author":[{"embeddable":true,"href":"https:\/\/aconteceemmacaeeregiao.com.br\/index.php\/wp-json\/wp\/v2\/users\/2"}],"replies":[{"embeddable":true,"href":"https:\/\/aconteceemmacaeeregiao.com.br\/index.php\/wp-json\/wp\/v2\/comments?post=9572"}],"version-history":[{"count":0,"href":"https:\/\/aconteceemmacaeeregiao.com.br\/index.php\/wp-json\/wp\/v2\/posts\/9572\/revisions"}],"wp:featuredmedia":[{"embeddable":true,"href":"https:\/\/aconteceemmacaeeregiao.com.br\/index.php\/wp-json\/wp\/v2\/media\/9574"}],"wp:attachment":[{"href":"https:\/\/aconteceemmacaeeregiao.com.br\/index.php\/wp-json\/wp\/v2\/media?parent=9572"}],"wp:term":[{"taxonomy":"category","embeddable":true,"href":"https:\/\/aconteceemmacaeeregiao.com.br\/index.php\/wp-json\/wp\/v2\/categories?post=9572"},{"taxonomy":"post_tag","embeddable":true,"href":"https:\/\/aconteceemmacaeeregiao.com.br\/index.php\/wp-json\/wp\/v2\/tags?post=9572"}],"curies":[{"name":"wp","href":"https:\/\/api.w.org\/{rel}","templated":true}]}}