{"id":9601,"date":"2023-05-05T21:52:49","date_gmt":"2023-05-06T00:52:49","guid":{"rendered":"https:\/\/aconteceemmacaeeregiao.com.br\/?p=9601"},"modified":"2023-05-05T21:52:49","modified_gmt":"2023-05-06T00:52:49","slug":"homem-e-preso-por-adulteracao-de-sinal-de-veiculo-automotor","status":"publish","type":"post","link":"https:\/\/aconteceemmacaeeregiao.com.br\/index.php\/2023\/05\/05\/homem-e-preso-por-adulteracao-de-sinal-de-veiculo-automotor\/","title":{"rendered":"Homem \u00e9 preso por adultera\u00e7\u00e3o de sinal de ve\u00edculo automotor"},"content":{"rendered":"\n<p>Policiais civis da 125\u00aa DP (S\u00e3o Pedro da Aldeia) prenderam um homem em flagrante, nesta quinta-feira (04\/05), pelo crime de adultera\u00e7\u00e3o de sinal de ve\u00edculo automotor. Ele foi capturado no bairro de Balne\u00e1rio, em S\u00e3o Pedro da Aldeia, ap\u00f3s a\u00e7\u00e3o de intelig\u00eancia.<\/p>\n\n\n\n<p>Segundo os agentes, o autor estava conduzindo uma motocicleta sem placa e, ap\u00f3s abordagem e revista, verificou-se que o chassi da motocicleta estava com alguns n\u00fameros ileg\u00edveis. Al\u00e9m disso, o criminoso apresentou documenta\u00e7\u00e3o de uma motocicleta de S\u00e3o Paulo.<\/p>\n\n\n\n<p>O preso possui passagem por tr\u00e1fico de drogas, tendo sido preso no mesmo munic\u00edpio em 2016.<\/p>\n\n\n\n<p><em>Por Secom Pol\u00edcia Civil RJ<\/em><\/p>\n","protected":false},"excerpt":{"rendered":"<p>Policiais civis da 125\u00aa DP (S\u00e3o Pedro da Aldeia) prenderam um homem em flagrante, nesta quinta-feira (04\/05), pelo crime de adultera\u00e7\u00e3o de sinal de ve\u00edculo automotor. Ele foi capturado no bairro de Balne\u00e1rio, em S\u00e3o Pedro da Aldeia, ap\u00f3s a\u00e7\u00e3o de intelig\u00eancia. Segundo os agentes, o autor estava conduzindo uma motocicleta sem placa e, ap\u00f3s [&hellip;]<\/p>\n","protected":false},"author":2,"featured_media":9603,"comment_status":"closed","ping_status":"closed","sticky":false,"template":"","format":"standard","meta":{"postBodyCss":"","postBodyMargin":[],"postBodyPadding":[],"postBodyBackground":{"backgroundType":"classic","gradient":""},"footnotes":""},"categories":[47,43,420],"tags":[542,100],"class_list":["post-9601","post","type-post","status-publish","format-standard","has-post-thumbnail","hentry","category-ocorrencias","category-regiao","category-sao-pedro-da-aldeia","tag-adulteracao","tag-prisao"],"aioseo_notices":[],"_links":{"self":[{"href":"https:\/\/aconteceemmacaeeregiao.com.br\/index.php\/wp-json\/wp\/v2\/posts\/9601","targetHints":{"allow":["GET"]}}],"collection":[{"href":"https:\/\/aconteceemmacaeeregiao.com.br\/index.php\/wp-json\/wp\/v2\/posts"}],"about":[{"href":"https:\/\/aconteceemmacaeeregiao.com.br\/index.php\/wp-json\/wp\/v2\/types\/post"}],"author":[{"embeddable":true,"href":"https:\/\/aconteceemmacaeeregiao.com.br\/index.php\/wp-json\/wp\/v2\/users\/2"}],"replies":[{"embeddable":true,"href":"https:\/\/aconteceemmacaeeregiao.com.br\/index.php\/wp-json\/wp\/v2\/comments?post=9601"}],"version-history":[{"count":0,"href":"https:\/\/aconteceemmacaeeregiao.com.br\/index.php\/wp-json\/wp\/v2\/posts\/9601\/revisions"}],"wp:featuredmedia":[{"embeddable":true,"href":"https:\/\/aconteceemmacaeeregiao.com.br\/index.php\/wp-json\/wp\/v2\/media\/9603"}],"wp:attachment":[{"href":"https:\/\/aconteceemmacaeeregiao.com.br\/index.php\/wp-json\/wp\/v2\/media?parent=9601"}],"wp:term":[{"taxonomy":"category","embeddable":true,"href":"https:\/\/aconteceemmacaeeregiao.com.br\/index.php\/wp-json\/wp\/v2\/categories?post=9601"},{"taxonomy":"post_tag","embeddable":true,"href":"https:\/\/aconteceemmacaeeregiao.com.br\/index.php\/wp-json\/wp\/v2\/tags?post=9601"}],"curies":[{"name":"wp","href":"https:\/\/api.w.org\/{rel}","templated":true}]}}