{"id":9692,"date":"2023-05-11T22:18:28","date_gmt":"2023-05-12T01:18:28","guid":{"rendered":"https:\/\/aconteceemmacaeeregiao.com.br\/?p=9692"},"modified":"2023-05-11T22:18:28","modified_gmt":"2023-05-12T01:18:28","slug":"bruxo-comanda-novo-canal-de-tv-com-foco-em-esoterismo","status":"publish","type":"post","link":"https:\/\/aconteceemmacaeeregiao.com.br\/index.php\/2023\/05\/11\/bruxo-comanda-novo-canal-de-tv-com-foco-em-esoterismo\/","title":{"rendered":"Bruxo comanda novo canal de TV com foco em esoterismo"},"content":{"rendered":"\n<p><em>Paranormal Edu Scarfon lan\u00e7a Astral TV com programa\u00e7\u00e3o sobre astrologia, bruxaria, autoajuda, feng-shui, terapias alternativas, sa\u00fade e medita\u00e7\u00e3o voltada ao desenvolvimento pessoal e espiritual<\/em><\/p>\n\n\n\n<p>Bruxo, tar\u00f3logo, astr\u00f3logo e vencedor do reality \u201cOs Paranormais\u201d, exibido no SBT em 2014, Edu Scarfon est\u00e1 agora \u00e0 frente da Astral TV, primeiro canal hol\u00edstico voltado \u00e0 espiritualidade, autoconhecimento, sa\u00fade e bem-estar. Com programa\u00e7\u00e3o variada, comandada por terapeutas e especialistas em v\u00e1rios temas, a nova tev\u00ea j\u00e1 est\u00e1 no ar em S\u00e3o Paulo e pode ser acessada pelo canal 52.1, pelo app Soul TV e no site&nbsp;<a href=\"http:\/\/www.astraltv.com.br\/\" target=\"_blank\" rel=\"noreferrer noopener\">www.astraltv.com.br<\/a>.<\/p>\n\n\n\n<p>Segundo o paranormal fundador do canal, a Astral TV nasceu com o objetivo de reunir informa\u00e7\u00f5es sobre diversas \u00e1reas que contribuem para o crescimento da pessoa, permitindo que ela possa conhecer novas terapias, religi\u00f5es e ci\u00eancias esot\u00e9ricas entre outros temas que possam auxiliar no seu desenvolvimento.<\/p>\n\n\n\n<p>\u201cA pandemia mudou o mundo e fez com que muitas pessoas reavaliassem suas cren\u00e7as e valores. Elas passaram a se voltar mais para si mesmas e a buscar respostas e mais conhecimento para se adaptarem a essas transforma\u00e7\u00f5es e a Astral TV surge como um canal, onde elas podem aprender mais, conhecer outras possibilidades e ter novas experi\u00eancias em rela\u00e7\u00e3o \u00e0 f\u00e9, espiritualidade, energia e autoconhecimento\u201d, acrescenta Scarfon.<\/p>\n\n\n<div class=\"wp-block-image\">\n<figure class=\"alignleft size-large is-resized\"><img fetchpriority=\"high\" decoding=\"async\" src=\"https:\/\/aconteceemmacaeeregiao.com.br\/wp-content\/uploads\/2023\/05\/Convite-TV-Astral-723x1024.jpg\" alt=\"\" class=\"wp-image-9698\" width=\"377\" height=\"534\" srcset=\"https:\/\/aconteceemmacaeeregiao.com.br\/wp-content\/uploads\/2023\/05\/Convite-TV-Astral-723x1024.jpg 723w, https:\/\/aconteceemmacaeeregiao.com.br\/wp-content\/uploads\/2023\/05\/Convite-TV-Astral-212x300.jpg 212w, https:\/\/aconteceemmacaeeregiao.com.br\/wp-content\/uploads\/2023\/05\/Convite-TV-Astral-768x1087.jpg 768w, https:\/\/aconteceemmacaeeregiao.com.br\/wp-content\/uploads\/2023\/05\/Convite-TV-Astral-1085x1536.jpg 1085w, https:\/\/aconteceemmacaeeregiao.com.br\/wp-content\/uploads\/2023\/05\/Convite-TV-Astral.jpg 1130w\" sizes=\"(max-width: 377px) 100vw, 377px\" \/><\/figure>\n<\/div>\n\n\n<p>Com 10 programas no ar, a Astral TV vem crescendo com a proposta de agregar novos conte\u00fados de forma democr\u00e1tica para que o p\u00fablico possa ter uma vis\u00e3o mais abrangente do universo hol\u00edstico, com o objetivo de obter mais sa\u00fade f\u00edsica e mental, melhorando a qualidade de vida.<\/p>\n\n\n\n<p>Para lan\u00e7ar o novo canal no dia 17 de maio \u00e0s 19h, haver\u00e1 um coquetel no Audit\u00f3rio Assis Chateaubriand onde o fundador da Astral TV, Edu Scarfon, e os apresentadores ir\u00e3o receber a imprensa e convidados para dar mais detalhes sobre a programa\u00e7\u00e3o e falar sobre os planos para o futuro do novo canal.<\/p>\n\n\n\n<p>No ar, das 9h \u00e0s 21h30, a Astral TV tem programas di\u00e1rios e semanais que s\u00e3o reprisados em hor\u00e1rios diferenciados para alcan\u00e7ar v\u00e1rios p\u00fablicos. Mas para o segundo semestre, a ideia \u00e9 lan\u00e7ar 24h de programa\u00e7\u00e3o, dando espa\u00e7o \u00e0 arte tamb\u00e9m, por meio de curtas-metragens e document\u00e1rios nacionais. Confira a seguir os destaques da programa\u00e7\u00e3o:<\/p>\n\n\n\n<p><strong>Bom Astral<\/strong>&nbsp;\u2013 Comandado por Edu Scarfon, vai ao ar de segunda a sexta \u00e0s 11h trazendo bate-papos com foco em espiritualidade, autoajuda e terapias hol\u00edsticas voltadas ao desenvolvimento pessoal. Tem hor\u00f3scopo, carta e ritual da semana, al\u00e9m de Aconselhamentos do Tar\u00f4 e Interpreta\u00e7\u00e3o de Sonhos.<\/p>\n\n\n\n<p><strong>Espiritualidade&nbsp;<\/strong>&#8211; Nesse programa que vai ao ar, segunda \u00e0s 15h30, M\u00e1rcia Europeia traz diversos assuntos relacionados \u00e0 espiritualidade e realiza an\u00e1lises por meio da Kabbalah, aconselhando o p\u00fablico com dicas preciosas.<\/p>\n\n\n\n<p><strong>O Novo Feminino<\/strong>&nbsp;\u2013 Transmitido \u00e0s quintas, a partir das 19h, \u00e9 apresentado por Renata Miranda que d\u00e1 voz \u00e0s mulheres atrav\u00e9s de temas que envolvem relacionamentos amorosos, li\u00e7\u00f5es de vida, empreendedorismo feminino e \u201cviradas de chave\u201d, para inspirar outras pessoas.<\/p>\n\n\n\n<p><strong>7 Sentidos<\/strong>&nbsp;\u2013 Comandado pela apresentadora K\u00e9lida vai ao \u00e0s ter\u00e7as, a partir das 15h30 com a proposta de atrair, cativar e ajudar pessoas que desejam alcan\u00e7ar sucesso na vida pessoal e profissional, sem v\u00ednculo religioso e com foco universalista.<\/p>\n\n\n\n<p><strong>Medium Night<\/strong>&nbsp;\u2013 Esse podcast apresentado por Edu Scarfon e Sandra Susi \u00e0s ter\u00e7as, a partir das 20h no YouTube, tamb\u00e9m est\u00e1 na Astral TV. Com formato leve e descontra\u00eddo, eles conversam com famosos sobre mediunidade e a rela\u00e7\u00e3o das pessoas com a espiritualidade. Tamb\u00e9m respondem as d\u00favidas do p\u00fablico e abordam os acontecimentos do ponto de vista paranormal.<\/p>\n\n\n\n<p><strong>Sou Mais Eu<\/strong>&nbsp;\u2013 Sob o Comando do terapeuta Carlos Augusto, esse programa aborda temas relacionados ao desenvolvimento pessoal, sa\u00fade, qualidade de vida, bem estar e espiritualidade de forma simples e pr\u00e1tica, sempre \u00e0s quintas- feiras \u00e0s 16h.<\/p>\n\n\n\n<p><strong>Terapia e Sa\u00fade \u2013&nbsp;<\/strong>De segunda a sexta-feira \u00e0s 13h, a terapeuta hol\u00edstica Luci\u00e1 Kuma ensina v\u00e1rias t\u00e9cnicas de energiza\u00e7\u00e3o e cura, como o Reiki, benzimentos, automassagem, afirma\u00e7\u00f5es positivas, dentre outras, para o alcance de uma vida mais saud\u00e1vel.<\/p>\n\n\n\n<p><strong>Cozinha Encantada<\/strong>&nbsp;&#8211; Nesse programa que vai ao ar, de segunda a sexta \u00e0s 13h30, Talita Melo ensina receitas, encantamentos e v\u00e1rias dicas para harmonizar o lar no dia a dia!<\/p>\n\n\n\n<p><strong>Consci\u00eancia PET<\/strong>&nbsp;&#8211; Perfeito para quem tem PETfilho, esse programa aborda a rela\u00e7\u00e3o com esses animais que fazem parte de fam\u00edlia. Dicas, orienta\u00e7\u00f5es, quest\u00f5es relacionadas \u00e0 sa\u00fade f\u00edsica e energ\u00e9tica s\u00e3o abordadas pela Dra. Denise Ullmann de segunda a sexta, \u00e0s 17h30.<\/p>\n\n\n\n<p><strong>Programa Ivan Martins<\/strong>&nbsp;\u2013 Nas noites de segunda, \u00e0s 19h30, Ivan Martins comanda seu talk show, que recebe personalidades de diversos ramos de atividades entre artistas, escritores, m\u00e9dicos e m\u00edsticos, para falar sobre sa\u00fade mental, espiritual, emocional e material.<\/p>\n\n\n\n<p><a href=\"http:\/\/www.astraltv.com.br\/\" target=\"_blank\" rel=\"noreferrer noopener\">www.astraltv.com.br<\/a><\/p>\n","protected":false},"excerpt":{"rendered":"<p>Paranormal Edu Scarfon lan\u00e7a Astral TV com programa\u00e7\u00e3o sobre astrologia, bruxaria, autoajuda, feng-shui, terapias alternativas, sa\u00fade e medita\u00e7\u00e3o voltada ao desenvolvimento pessoal e espiritual Bruxo, tar\u00f3logo, astr\u00f3logo e vencedor do reality \u201cOs Paranormais\u201d, exibido no SBT em 2014, Edu Scarfon est\u00e1 agora \u00e0 frente da Astral TV, primeiro canal hol\u00edstico voltado \u00e0 espiritualidade, autoconhecimento, sa\u00fade [&hellip;]<\/p>\n","protected":false},"author":2,"featured_media":9697,"comment_status":"closed","ping_status":"closed","sticky":false,"template":"","format":"standard","meta":{"postBodyCss":"","postBodyMargin":[],"postBodyPadding":[],"postBodyBackground":{"backgroundType":"classic","gradient":""},"footnotes":""},"categories":[200,78],"tags":[559,558,173],"class_list":["post-9692","post","type-post","status-publish","format-standard","has-post-thumbnail","hentry","category-evento","category-saude","tag-esoterismo","tag-espiritual","tag-terapia"],"aioseo_notices":[],"_links":{"self":[{"href":"https:\/\/aconteceemmacaeeregiao.com.br\/index.php\/wp-json\/wp\/v2\/posts\/9692","targetHints":{"allow":["GET"]}}],"collection":[{"href":"https:\/\/aconteceemmacaeeregiao.com.br\/index.php\/wp-json\/wp\/v2\/posts"}],"about":[{"href":"https:\/\/aconteceemmacaeeregiao.com.br\/index.php\/wp-json\/wp\/v2\/types\/post"}],"author":[{"embeddable":true,"href":"https:\/\/aconteceemmacaeeregiao.com.br\/index.php\/wp-json\/wp\/v2\/users\/2"}],"replies":[{"embeddable":true,"href":"https:\/\/aconteceemmacaeeregiao.com.br\/index.php\/wp-json\/wp\/v2\/comments?post=9692"}],"version-history":[{"count":0,"href":"https:\/\/aconteceemmacaeeregiao.com.br\/index.php\/wp-json\/wp\/v2\/posts\/9692\/revisions"}],"wp:featuredmedia":[{"embeddable":true,"href":"https:\/\/aconteceemmacaeeregiao.com.br\/index.php\/wp-json\/wp\/v2\/media\/9697"}],"wp:attachment":[{"href":"https:\/\/aconteceemmacaeeregiao.com.br\/index.php\/wp-json\/wp\/v2\/media?parent=9692"}],"wp:term":[{"taxonomy":"category","embeddable":true,"href":"https:\/\/aconteceemmacaeeregiao.com.br\/index.php\/wp-json\/wp\/v2\/categories?post=9692"},{"taxonomy":"post_tag","embeddable":true,"href":"https:\/\/aconteceemmacaeeregiao.com.br\/index.php\/wp-json\/wp\/v2\/tags?post=9692"}],"curies":[{"name":"wp","href":"https:\/\/api.w.org\/{rel}","templated":true}]}}