{"id":9826,"date":"2023-05-17T23:17:46","date_gmt":"2023-05-18T02:17:46","guid":{"rendered":"https:\/\/aconteceemmacaeeregiao.com.br\/?p=9826"},"modified":"2023-05-17T23:17:47","modified_gmt":"2023-05-18T02:17:47","slug":"firjan-e-mercado-livre-anunciam-parceria-para-ajudar-empresas-fluminenses","status":"publish","type":"post","link":"https:\/\/aconteceemmacaeeregiao.com.br\/index.php\/2023\/05\/17\/firjan-e-mercado-livre-anunciam-parceria-para-ajudar-empresas-fluminenses\/","title":{"rendered":"Firjan e Mercado Livre anunciam parceria para ajudar empresas fluminenses"},"content":{"rendered":"\n<p><em><strong>Parceria Rio+Digital oferece capacita\u00e7\u00e3o e assessoria gratuita para empresas associadas \u00e0 Firjan e ao CIRJ com o objetivo de ampliar as vendas no digital<\/strong><\/em><\/p>\n\n\n\n<p><strong>Rio de Janeiro, 17 de maio de 2023 &#8211;<\/strong>&nbsp;Desde o in\u00edcio da pandemia, cerca de 220 mil empresas formalizadas entraram na plataforma Mercado Livre. Isso \u00e9 reflexo da preocupa\u00e7\u00e3o da companhia em oferecer servi\u00e7os e ferramentas para impulsionar os neg\u00f3cios dos vendedores, democratizando o acesso ao com\u00e9rcio, impactando diretamente o fomento do empreendedorismo.<\/p>\n\n\n\n<p>Foi pensando em dados como esse que uma parceria firmada entre&nbsp;<strong>Firjan&nbsp;<\/strong>e<strong>&nbsp;Mercado Livre<\/strong>&nbsp;com o objetivo de capacitar empreendedores do estado do Rio para ampliar as vendas e abrir novos mercados por meio do com\u00e9rcio on-line. O&nbsp;<strong>Rio+Digital&nbsp;<\/strong>pretende&nbsp;democratizar os neg\u00f3cios eletr\u00f4nicos entre as pequenas e m\u00e9dias empresas fluminenses associadas \u00e0 Firjan e ao CIRJ (Centro Industrial do Rio de Janeiro).<\/p>\n\n\n\n<p>Para isso, ap\u00f3s o cadastro, os empreendedores ir\u00e3o passar por uma capacita\u00e7\u00e3o que engloba todas as etapas do e-commerce, desde a abertura de uma loja virtual at\u00e9 a entrega ao consumidor. A jornada&nbsp;pode ser acessada&nbsp;<a href=\"http:\/\/www.firjan.com.br\/mercadolivre\" target=\"_blank\" rel=\"noreferrer noopener\">no site<\/a>.<\/p>\n\n\n\n<p>O programa apresenta conte\u00fados pr\u00e1ticos e objetivos sobre \u201cpor que vender\u201d, \u201ccomo vender\u201d, \u201cpraticar as vendas\u201d e \u201cescalar as vendas\u201d, al\u00e9m de quest\u00f5es que fazem parte da rotina das empresas, como&nbsp;estrat\u00e9gias de finan\u00e7as e precifica\u00e7\u00e3o, c\u00e1lculo de margem de lucro, atendimento ao cliente, log\u00edstica, tributa\u00e7\u00e3o, cr\u00e9dito, organiza\u00e7\u00e3o de estoque, entre outros temas.&nbsp;<\/p>\n\n\n\n<p>Os empres\u00e1rios associados ainda t\u00eam acesso a material extra produzido pela Casa Firjan e pela Firjan IEL, voltado para a presen\u00e7a dos neg\u00f3cios no ambiente on-line: novas tend\u00eancias e h\u00e1bitos, marketing de influ\u00eancia, desenvolvimento de compet\u00eancias, antecipa\u00e7\u00e3o de inova\u00e7\u00f5es que v\u00e3o impactar mercado e neg\u00f3cios s\u00e3o alguns dos assuntos.&nbsp;<\/p>\n\n\n\n<p>Apesar dos avan\u00e7os nos \u00faltimos anos, parte dos neg\u00f3cios no Brasil ainda n\u00e3o est\u00e1 digitalizada, n\u00e3o vende on-line ou n\u00e3o explora as redes sociais como forma de promover seus produtos e servi\u00e7os. Segundo Luiz C\u00e9sio Caetano, vice-presidente da Firjan, o projeto Rio+Digital, com o Mercado Livre, quer atuar exatamente neste processo, de contribuir para que as empresas encontrem novos mercados atrav\u00e9s do processo de transforma\u00e7\u00e3o digital. \u201cEsta iniciativa pretende abrir a oportunidade para que empresas fluminenses atuem no ambiente digital, pois acreditamos que este \u00e9 o caminho para ampliar a competitividade e melhorar o ecossistema de neg\u00f3cios do estado do Rio\u201d, explica.<\/p>\n\n\n\n<p>A nova parceria \u00e9 mais uma entrega aliada ao Programa Firjan PEQ, lan\u00e7ado em 2021 com foco nas pequenas empresas. \u201c\u00c9 senso comum que as pequenas empresas s\u00e3o muito importantes para a economia e para o emprego no Brasil. Com essa iniciativa, fortalecemos os empreendimentos deste perfil oferecendo f\u00e1cil acesso \u00e0 informa\u00e7\u00e3o qualificada e a instrumentos de apoio compat\u00edveis com as suas necessidades. O Rio+Digital \u00e9 mais uma ferramenta valiosa nesse sentido, que aproxima os empres\u00e1rios de uma plataforma impulsionadora de neg\u00f3cios\u201d, ressalta Caetano.<\/p>\n\n\n\n<p>Para o Mercado Livre, a parceria com a Firjan se soma \u00e0s iniciativas da empresa para qualificar empreendedores, possibilitando sua entrada ou alavancando seus ganhos no e-commerce. \u201cO Rio de Janeiro \u00e9 um mercado com grande potencial para o Mercado Livre. N\u00f3s, como e-commerce l\u00edder na Am\u00e9rica Latina, temos o papel fundamental de estar ao lado dos nossos vendedores, capacitando-os e fidelizando-os. Com a Firjan, esperamos levar conhecimento e ferramentas para ajudar empreendedores, micro e pequenos neg\u00f3cios a ingressar ou desenvolver ainda mais seus neg\u00f3cios no e-commerce\u201d, afirma Andr\u00e9 Santos, embaixador do Mercado Livre. \u201cVemos nessa iniciativa um poder de impacto positivo porque movimenta a economia local, gerando renda e promovendo uma melhor qualidade de vida \u00e0s pessoas\u201d, destaca.<\/p>\n\n\n\n<p>Ao concluir a jornada de conhecimento na p\u00e1gina do Rio+Digital, os empres\u00e1rios se cadastram no site do Mercado Livre (caso ainda n\u00e3o possuam cadastro) e ingressam no &#8221;Voc\u00ea Chegou!&#8221;, que fornece assessoria gratuita para facilitar a experi\u00eancia do novo usu\u00e1rio a realizar as primeiras vendas.&nbsp; O curso faz parte do Programa de Vendedores que oferece conte\u00fados e consultorias para cada momento do neg\u00f3cio do parceiro. As outras fases do projeto s\u00e3o o &#8220;Voc\u00ea Vendeu\u201d, \u201cVoc\u00ea Cresceu\u201d e \u201cVoc\u00ea Venceu\u201d, com conte\u00fados relevantes para cada perfil de vendedor.<\/p>\n\n\n\n<p>A parceria com a Firjan tamb\u00e9m contempla um b\u00f4nus de R$200 em Product Ads para as empresas associadas, com o intuito de impulsionar os an\u00fancios e as vendas na plataforma.<\/p>\n\n\n\n<p><strong>Cursos no Programa Mercado Livre eleva em quase 32% a taxa de sucesso do vendedor iniciante<\/strong><\/p>\n\n\n\n<ul class=\"wp-block-list\">\n<li>De acordo com resultados mapeados nos primeiros meses do ano de 2023, participar do m\u00f3dulo de acelera\u00e7\u00e3o \u201cVoc\u00ea Chegou\u201d, como primeiro passo da plataforma, eleva em quase 32% a taxa de sucesso do vendedor iniciante;<\/li>\n\n\n\n<li>Os vendedores que participaram de todos os programas de acelera\u00e7\u00e3o do Mercado Livre faturam cerca de 19% a mais do que os vendedores que n\u00e3o fizeram parte dessas iniciativas;<\/li>\n\n\n\n<li>O Mercado Livre facilita o com\u00e9rcio de mais de 500 mil pequenas e m\u00e9dias empresas atualmente, gera 35 empregos por dia no Brasil e torna poss\u00edvel o acesso ao giro de capital, j\u00e1 que 40% das PMEs receberam cr\u00e9dito pela 1\u00aa vez na plataforma;<\/li>\n<\/ul>\n","protected":false},"excerpt":{"rendered":"<p>Parceria Rio+Digital oferece capacita\u00e7\u00e3o e assessoria gratuita para empresas associadas \u00e0 Firjan e ao CIRJ com o objetivo de ampliar as vendas no digital Rio de Janeiro, 17 de maio de 2023 &#8211;&nbsp;Desde o in\u00edcio da pandemia, cerca de 220 mil empresas formalizadas entraram na plataforma Mercado Livre. Isso \u00e9 reflexo da preocupa\u00e7\u00e3o da companhia [&hellip;]<\/p>\n","protected":false},"author":2,"featured_media":9828,"comment_status":"closed","ping_status":"closed","sticky":false,"template":"","format":"standard","meta":{"postBodyCss":"","postBodyMargin":[],"postBodyPadding":[],"postBodyBackground":{"backgroundType":"classic","gradient":""},"footnotes":""},"categories":[45,43],"tags":[261,255,342],"class_list":["post-9826","post","type-post","status-publish","format-standard","has-post-thumbnail","hentry","category-economia","category-regiao","tag-empresas","tag-norte-fluminense","tag-online"],"aioseo_notices":[],"_links":{"self":[{"href":"https:\/\/aconteceemmacaeeregiao.com.br\/index.php\/wp-json\/wp\/v2\/posts\/9826","targetHints":{"allow":["GET"]}}],"collection":[{"href":"https:\/\/aconteceemmacaeeregiao.com.br\/index.php\/wp-json\/wp\/v2\/posts"}],"about":[{"href":"https:\/\/aconteceemmacaeeregiao.com.br\/index.php\/wp-json\/wp\/v2\/types\/post"}],"author":[{"embeddable":true,"href":"https:\/\/aconteceemmacaeeregiao.com.br\/index.php\/wp-json\/wp\/v2\/users\/2"}],"replies":[{"embeddable":true,"href":"https:\/\/aconteceemmacaeeregiao.com.br\/index.php\/wp-json\/wp\/v2\/comments?post=9826"}],"version-history":[{"count":0,"href":"https:\/\/aconteceemmacaeeregiao.com.br\/index.php\/wp-json\/wp\/v2\/posts\/9826\/revisions"}],"wp:featuredmedia":[{"embeddable":true,"href":"https:\/\/aconteceemmacaeeregiao.com.br\/index.php\/wp-json\/wp\/v2\/media\/9828"}],"wp:attachment":[{"href":"https:\/\/aconteceemmacaeeregiao.com.br\/index.php\/wp-json\/wp\/v2\/media?parent=9826"}],"wp:term":[{"taxonomy":"category","embeddable":true,"href":"https:\/\/aconteceemmacaeeregiao.com.br\/index.php\/wp-json\/wp\/v2\/categories?post=9826"},{"taxonomy":"post_tag","embeddable":true,"href":"https:\/\/aconteceemmacaeeregiao.com.br\/index.php\/wp-json\/wp\/v2\/tags?post=9826"}],"curies":[{"name":"wp","href":"https:\/\/api.w.org\/{rel}","templated":true}]}}