{"id":9855,"date":"2023-05-19T22:25:37","date_gmt":"2023-05-20T01:25:37","guid":{"rendered":"https:\/\/aconteceemmacaeeregiao.com.br\/?p=9855"},"modified":"2023-05-19T22:42:41","modified_gmt":"2023-05-20T01:42:41","slug":"camara-itinerante-deste-sabado-20-sera-no-trapiche","status":"publish","type":"post","link":"https:\/\/aconteceemmacaeeregiao.com.br\/index.php\/2023\/05\/19\/camara-itinerante-deste-sabado-20-sera-no-trapiche\/","title":{"rendered":"C\u00e2mara Itinerante deste s\u00e1bado (20) ser\u00e1 no Trapiche"},"content":{"rendered":"\n<p>Buscando dar voz aos moradores dos diferentes bairros e distritos da cidade, o projeto do Legislativo macaense intitulado \u2018C\u00e2mara Itinerante\u2019 acontecer\u00e1 neste s\u00e1bado (20), a partir das 10h, no Trapiche, Regi\u00e3o Serrana de Maca\u00e9. Esta \u00e9 a segunda edi\u00e7\u00e3o do evento no ano de 2023. A primeira foi realizada no \u00faltimo dia 6, na Virgem Santa. A pr\u00f3xima edi\u00e7\u00e3o (terceira) est\u00e1 prevista para o dia 3 de junho, na Bicuda Grande.<\/p>\n\n\n\n<p>O pedido de realiza\u00e7\u00e3o da C\u00e2mara Itinerante no Trapiche e na Bicuda Grande foi feito pelo vereador Tico Jardim (Solidariedade) em conjunto com o presidente Cesinha (Solidariedade). \u201cEsperamos que dessa vez a prefeitura envie representantes que possam responder \u00e0s perguntas da popula\u00e7\u00e3o\u201d, declarou Cesinha na sess\u00e3o ordin\u00e1ria da \u00faltima ter\u00e7a-feira (16).<\/p>\n\n\n\n<p>O parlamento estar\u00e1 presente com toda a estrutura necess\u00e1ria para garantir a participa\u00e7\u00e3o dos moradores, na pra\u00e7a principal do Trapiche. Foram convidados secret\u00e1rios e representantes da prefeitura. \u201cO objetivo \u00e9 levar as necessidades do distrito ao governo municipal. Para isso, \u00e9 fundamental que os vivem na localidade participem e tragam suas reivindica\u00e7\u00f5es\u201d, ponderou Tico.<\/p>\n\n\n\n<p>Ap\u00f3s as duas edi\u00e7\u00f5es da Regi\u00e3o Serrana, ser\u00e1 a vez da Barra de Maca\u00e9 receber a C\u00e2mara Itinerante, no dia 17 de junho. J\u00e1 no dia 1\u00ba de julho, o projeto chega na Nova Holanda. A iniciativa do Legislativo de ouvir os moradores de cada bairro e distrito da cidade \u00e9 realizada nas manh\u00e3s de s\u00e1bados, a fim de facilitar a participa\u00e7\u00e3o popular. &nbsp;&nbsp;<\/p>\n\n\n\n<p>Mesmo nos casos em que n\u00e3o haja autoridade presente para responder aos questionamentos da popula\u00e7\u00e3o, o Legislativo se compromete em registrar todas as demandas e levar at\u00e9 os respons\u00e1veis da pasta, \u00f3rg\u00e3o ou setor nas esferas municipal, estadual ou federal \u2013 conforme a responsabilidade de cada ente.<\/p>\n\n\n\n<p><a href=\"https:\/\/cmmacae.rj.gov.br\/2023\/05\/18\/\"><\/a><\/p>\n","protected":false},"excerpt":{"rendered":"<p>Buscando dar voz aos moradores dos diferentes bairros e distritos da cidade, o projeto do Legislativo macaense intitulado \u2018C\u00e2mara Itinerante\u2019 acontecer\u00e1 neste s\u00e1bado (20), a partir das 10h, no Trapiche, Regi\u00e3o Serrana de Maca\u00e9. Esta \u00e9 a segunda edi\u00e7\u00e3o do evento no ano de 2023. A primeira foi realizada no \u00faltimo dia 6, na Virgem [&hellip;]<\/p>\n","protected":false},"author":2,"featured_media":9857,"comment_status":"closed","ping_status":"closed","sticky":false,"template":"","format":"standard","meta":{"postBodyCss":"","postBodyMargin":[],"postBodyPadding":[],"postBodyBackground":{"backgroundType":"classic","gradient":""},"footnotes":""},"categories":[42,44],"tags":[94,417,574],"class_list":["post-9855","post","type-post","status-publish","format-standard","has-post-thumbnail","hentry","category-macae","category-politica","tag-camara-municipal-de-macae","tag-regiao-serrana","tag-trapiche"],"aioseo_notices":[],"_links":{"self":[{"href":"https:\/\/aconteceemmacaeeregiao.com.br\/index.php\/wp-json\/wp\/v2\/posts\/9855","targetHints":{"allow":["GET"]}}],"collection":[{"href":"https:\/\/aconteceemmacaeeregiao.com.br\/index.php\/wp-json\/wp\/v2\/posts"}],"about":[{"href":"https:\/\/aconteceemmacaeeregiao.com.br\/index.php\/wp-json\/wp\/v2\/types\/post"}],"author":[{"embeddable":true,"href":"https:\/\/aconteceemmacaeeregiao.com.br\/index.php\/wp-json\/wp\/v2\/users\/2"}],"replies":[{"embeddable":true,"href":"https:\/\/aconteceemmacaeeregiao.com.br\/index.php\/wp-json\/wp\/v2\/comments?post=9855"}],"version-history":[{"count":0,"href":"https:\/\/aconteceemmacaeeregiao.com.br\/index.php\/wp-json\/wp\/v2\/posts\/9855\/revisions"}],"wp:featuredmedia":[{"embeddable":true,"href":"https:\/\/aconteceemmacaeeregiao.com.br\/index.php\/wp-json\/wp\/v2\/media\/9857"}],"wp:attachment":[{"href":"https:\/\/aconteceemmacaeeregiao.com.br\/index.php\/wp-json\/wp\/v2\/media?parent=9855"}],"wp:term":[{"taxonomy":"category","embeddable":true,"href":"https:\/\/aconteceemmacaeeregiao.com.br\/index.php\/wp-json\/wp\/v2\/categories?post=9855"},{"taxonomy":"post_tag","embeddable":true,"href":"https:\/\/aconteceemmacaeeregiao.com.br\/index.php\/wp-json\/wp\/v2\/tags?post=9855"}],"curies":[{"name":"wp","href":"https:\/\/api.w.org\/{rel}","templated":true}]}}