{"id":9880,"date":"2023-05-22T21:40:57","date_gmt":"2023-05-23T00:40:57","guid":{"rendered":"https:\/\/aconteceemmacaeeregiao.com.br\/?p=9880"},"modified":"2023-05-22T21:40:58","modified_gmt":"2023-05-23T00:40:58","slug":"semana-comeca-com-401-vagas-de-empregos","status":"publish","type":"post","link":"https:\/\/aconteceemmacaeeregiao.com.br\/index.php\/2023\/05\/22\/semana-comeca-com-401-vagas-de-empregos\/","title":{"rendered":"Semana come\u00e7a com 401 vagas de empregos"},"content":{"rendered":"\n<p>A Secretaria Adjunta de Trabalho e Renda de Maca\u00e9 divulgou a lista atualizada com as vagas de empregos. S\u00e3o 401 oportunidades para todos os n\u00edveis de escolaridade nas \u00e1reas de servi\u00e7os, petr\u00f3leo, g\u00e1s, com\u00e9rcio, beleza, educa\u00e7\u00e3o e sa\u00fade.<\/p>\n\n\n\n<p>Os interessados em concorrer \u00e0s vagas podem se dirigir \u00e0 sede da Central do Trabalhador, que funciona no Edif\u00edcio Comercial Lotus, na Avenida Nossa Senhora da Gl\u00f3ria, 1181, Praia Campista, de 8h \u00e0s 17h. Caso n\u00e3o encontre uma vaga que se encaixe no perfil desejado, \u00e9 poss\u00edvel fazer um cadastro de forma online.<br><br>As fun\u00e7\u00f5es oferecidas nesta semana s\u00e3o: m\u00e9dico pediatra, caldeireiro convencional, ajudante de caminh\u00e3o, motorista de caminh\u00e3o, gar\u00e7om, t\u00e9cnico em sa\u00fade bucal, assistente de RH\/DP, padeiro, chefe de cozinha, empregada dom\u00e9stica, engenheiro de servi\u00e7os, borracheiro, recepcionista noturno, enfermeiro (a), supervisor ambiental, t\u00e9cnico em seguran\u00e7a de trabalho, fiscal de preven\u00e7\u00e3o e perda, entre outros.<br><br>Os trabalhadores que buscam voltar ao mercado de trabalho devem ficar atentos aos canais oficiais do governo municipal. Para verificar as possibilidades semanais, o cidad\u00e3o deve acessar o portal da prefeitura para checar a lista completa.<\/p>\n\n\n\n<p><em>Por Jornalista Genimarta Oliveira\/ Secom Pref. de Maca\u00e9<br><\/em><br><a href=\"https:\/\/sistemas.macae.rj.gov.br:84\/semtre\/interno\/interno\/muralexterno.php\">Clique e confira a lista completa<\/a>.<br><br><br>Seguem os links de acesso aos servi\u00e7os da Secretaria de Trabalho e Renda:<br><br>Ao empres\u00e1rio:\u00a0<a href=\"https:\/\/sistemas.macae.rj.gov.br:84\/trabalhoerenda\/\">cadastrar vagas de emprego<\/a>.<br><br>Ao trabalhador:\u00a0<a href=\"https:\/\/sistemas.macae.rj.gov.br:84\/trabalhoerenda\/\">efetuar o cadastro para vagas de emprego<\/a>.<\/p>\n","protected":false},"excerpt":{"rendered":"<p>A Secretaria Adjunta de Trabalho e Renda de Maca\u00e9 divulgou a lista atualizada com as vagas de empregos. S\u00e3o 401 oportunidades para todos os n\u00edveis de escolaridade nas \u00e1reas de servi\u00e7os, petr\u00f3leo, g\u00e1s, com\u00e9rcio, beleza, educa\u00e7\u00e3o e sa\u00fade. Os interessados em concorrer \u00e0s vagas podem se dirigir \u00e0 sede da Central do Trabalhador, que funciona [&hellip;]<\/p>\n","protected":false},"author":2,"featured_media":9882,"comment_status":"closed","ping_status":"closed","sticky":false,"template":"","format":"standard","meta":{"postBodyCss":"","postBodyMargin":[],"postBodyPadding":[],"postBodyBackground":{"backgroundType":"classic","gradient":""},"footnotes":""},"categories":[73,42],"tags":[82,87],"class_list":["post-9880","post","type-post","status-publish","format-standard","has-post-thumbnail","hentry","category-emprego","category-macae","tag-oportunidade","tag-vagas"],"aioseo_notices":[],"_links":{"self":[{"href":"https:\/\/aconteceemmacaeeregiao.com.br\/index.php\/wp-json\/wp\/v2\/posts\/9880","targetHints":{"allow":["GET"]}}],"collection":[{"href":"https:\/\/aconteceemmacaeeregiao.com.br\/index.php\/wp-json\/wp\/v2\/posts"}],"about":[{"href":"https:\/\/aconteceemmacaeeregiao.com.br\/index.php\/wp-json\/wp\/v2\/types\/post"}],"author":[{"embeddable":true,"href":"https:\/\/aconteceemmacaeeregiao.com.br\/index.php\/wp-json\/wp\/v2\/users\/2"}],"replies":[{"embeddable":true,"href":"https:\/\/aconteceemmacaeeregiao.com.br\/index.php\/wp-json\/wp\/v2\/comments?post=9880"}],"version-history":[{"count":0,"href":"https:\/\/aconteceemmacaeeregiao.com.br\/index.php\/wp-json\/wp\/v2\/posts\/9880\/revisions"}],"wp:featuredmedia":[{"embeddable":true,"href":"https:\/\/aconteceemmacaeeregiao.com.br\/index.php\/wp-json\/wp\/v2\/media\/9882"}],"wp:attachment":[{"href":"https:\/\/aconteceemmacaeeregiao.com.br\/index.php\/wp-json\/wp\/v2\/media?parent=9880"}],"wp:term":[{"taxonomy":"category","embeddable":true,"href":"https:\/\/aconteceemmacaeeregiao.com.br\/index.php\/wp-json\/wp\/v2\/categories?post=9880"},{"taxonomy":"post_tag","embeddable":true,"href":"https:\/\/aconteceemmacaeeregiao.com.br\/index.php\/wp-json\/wp\/v2\/tags?post=9880"}],"curies":[{"name":"wp","href":"https:\/\/api.w.org\/{rel}","templated":true}]}}