{"id":9955,"date":"2023-05-24T22:10:21","date_gmt":"2023-05-25T01:10:21","guid":{"rendered":"https:\/\/aconteceemmacaeeregiao.com.br\/?p=9955"},"modified":"2023-05-24T22:10:23","modified_gmt":"2023-05-25T01:10:23","slug":"procon-rj-constata-reducao-do-valor-de-combustiveis-em-postos-do-estado","status":"publish","type":"post","link":"https:\/\/aconteceemmacaeeregiao.com.br\/index.php\/2023\/05\/24\/procon-rj-constata-reducao-do-valor-de-combustiveis-em-postos-do-estado\/","title":{"rendered":"<strong>Procon RJ constata redu\u00e7\u00e3o do valor de combust\u00edveis em postos do estado<\/strong>"},"content":{"rendered":"\n<p><em><strong>Cerca de 300 estabelecimentos entre postos de combust\u00edveis e dep\u00f3sitos de g\u00e1s de cozinha foram fiscalizados<\/strong><\/em><\/p>\n\n\n\n<p>Depois de fazer uma opera\u00e7\u00e3o fiscalizat\u00f3ria e de pesquisa em postos de combust\u00edveis e em dep\u00f3sitos de GLP (g\u00e1s de cozinha), nesta segunda (22\/05) e ter\u00e7a-feira (23\/05), o Procon-RJ constatou redu\u00e7\u00e3o nos pre\u00e7os. A m\u00e9dia estadual verificada para gasolina comum e aditivada foi de R$ 5,37 e R$ 5,48, respectivamente. A redu\u00e7\u00e3o foi de 5% quando comparada \u00e0 m\u00e9dia estadual divulgada pela Ag\u00eancia Nacional de Petr\u00f3leo (ANP), na semana anterior, quando o governo federal determinou a redu\u00e7\u00e3o do valor dos combust\u00edveis para o consumidor final.<\/p>\n\n\n\n<p>&#8211; Queremos garantir que os valores finais dos pre\u00e7os possam ser repassados aos consumidores de forma eficaz \u2013 comentou o governador do Rio, Cl\u00e1udio Castro.<\/p>\n\n\n\n<p>Foram visitados cerca de 300 estabelecimentos entre postos de combust\u00edveis e dep\u00f3sitos de GLP. Desse total, 14 foram notificados a apresentarem, em 10 dias, explica\u00e7\u00f5es sobre o n\u00e3o repasse do desconto. Em muitos dos locais fiscalizados, os postos de combust\u00edveis reduziram o valor e se adequaram de imediato. Entre eles, um dep\u00f3sito em Guaratiba, na Zona Oeste do Rio, que reduziu o valor do botij\u00e3o 13kg de GLP de R$ 118 para R$ 95.<\/p>\n\n\n\n<p>Os fiscais estiveram nas regi\u00f5es Metropolitana, dos Lagos, Costa Verde, Norte e Sul Fluminense, al\u00e9m de munic\u00edpios da Baixada Fluminense. Ainda durante o monitoramento do Procon Estadual, os agentes verificaram que o diesel s500 e s10 reduziram R$ 0,37 e R$ 0,34, respectivamente, se comparados tamb\u00e9m \u00e0 m\u00e9dia anterior \u00e0 redu\u00e7\u00e3o divulgada pela ANP. De acordo com a pesquisa, quanto ao g\u00e1s de cozinha, o botij\u00e3o de 13kg tem uma m\u00e9dia estadual de R$ 96,00.<\/p>\n\n\n\n<p>Durante a a\u00e7\u00e3o do Procon-RJ, foi observado que as regi\u00f5es do Norte Fluminense e dos Lagos, t\u00eam o maior pre\u00e7o, em m\u00e9dia, da gasolina, que gira em torno de R$5,64 e R$ 5,55, respectivamente. J\u00e1 a Regi\u00e3o Metropolitana e a Baixada Fluminense, t\u00eam a menor m\u00e9dia para o valor da gasolina comum, que \u00e9 de R$ 5,23 e R$ 5,19. Quanto ao GLP, o menor valor de m\u00e9dia encontrado foi na regi\u00e3o Metropolitana, atingindo o valor de R$ 90,20.<\/p>\n\n\n\n<p>Conforme o presidente do Procon-RJ, C\u00e1ssio Coelho, os pre\u00e7os diferem entre as regi\u00f5es, muitas vezes, por fatores externos como os custos com o transporte, devido \u00e0 dist\u00e2ncia da distribuidora, tornando os combust\u00edveis mais caros em algumas regi\u00f5es.<\/p>\n\n\n\n<p>&#8211; A medida anunciada pelo Governo Federal visa proteger toda uma cadeia de consumo e conter a infla\u00e7\u00e3o em diversos setores. Observamos que, conforme a reposi\u00e7\u00e3o dos estoques, tanto das distribuidoras quanto dos postos de combust\u00edveis, as redu\u00e7\u00f5es est\u00e3o sendo aplicadas, de forma gradativa \u2013 explicou Coelho.<\/p>\n\n\n\n<p>&nbsp;Conforme o Procon Estadual, informa\u00e7\u00f5es obtidas durante a fiscaliza\u00e7\u00e3o ser\u00e3o repassadas \u00e0 Secretaria Nacional do Consumidor para an\u00e1lise. O consumidor que desejar realizar den\u00fancia ou reclama\u00e7\u00e3o, poder\u00e1 acessar os canais de atendimento atrav\u00e9s do site oficial da autarquia:&nbsp;<a href=\"http:\/\/www.procon.rj.gov.br\/\" target=\"_blank\" rel=\"noreferrer noopener\">www.procon.rj.gov.br<\/a>&nbsp;e WhatsApp para den\u00fancias- (21)98104-5445.<\/p>\n\n\n\n<p>&#8211; \u00c9 importante esclarecer que nosso ordenamento jur\u00eddico se baseia na livre iniciativa, portanto, os pre\u00e7os n\u00e3o s\u00e3o tabelados, mas tamb\u00e9m n\u00e3o pode ser tolerado nenhuma pr\u00e1tica abusiva, como por exemplo, a combina\u00e7\u00e3o de pre\u00e7os entre fornecedores para uma determinada regi\u00e3o ou localidade, manipulando o pre\u00e7o e a publicidade enganosa. O mercado tamb\u00e9m se autorregula e o fornecedor que n\u00e3o se adequar, fatalmente perder\u00e1 seu poder de concorr\u00eancia \u2013 alertou o presidente da autarquia.<\/p>\n","protected":false},"excerpt":{"rendered":"<p>Cerca de 300 estabelecimentos entre postos de combust\u00edveis e dep\u00f3sitos de g\u00e1s de cozinha foram fiscalizados Depois de fazer uma opera\u00e7\u00e3o fiscalizat\u00f3ria e de pesquisa em postos de combust\u00edveis e em dep\u00f3sitos de GLP (g\u00e1s de cozinha), nesta segunda (22\/05) e ter\u00e7a-feira (23\/05), o Procon-RJ constatou redu\u00e7\u00e3o nos pre\u00e7os. A m\u00e9dia estadual verificada para gasolina [&hellip;]<\/p>\n","protected":false},"author":2,"featured_media":9957,"comment_status":"closed","ping_status":"closed","sticky":false,"template":"","format":"standard","meta":{"postBodyCss":"","postBodyMargin":[],"postBodyPadding":[],"postBodyBackground":{"backgroundType":"classic","gradient":""},"footnotes":""},"categories":[45,43],"tags":[258,121,74],"class_list":["post-9955","post","type-post","status-publish","format-standard","has-post-thumbnail","hentry","category-economia","category-regiao","tag-combustiveis","tag-governo-estadual","tag-rio-de-janeiro"],"aioseo_notices":[],"_links":{"self":[{"href":"https:\/\/aconteceemmacaeeregiao.com.br\/index.php\/wp-json\/wp\/v2\/posts\/9955","targetHints":{"allow":["GET"]}}],"collection":[{"href":"https:\/\/aconteceemmacaeeregiao.com.br\/index.php\/wp-json\/wp\/v2\/posts"}],"about":[{"href":"https:\/\/aconteceemmacaeeregiao.com.br\/index.php\/wp-json\/wp\/v2\/types\/post"}],"author":[{"embeddable":true,"href":"https:\/\/aconteceemmacaeeregiao.com.br\/index.php\/wp-json\/wp\/v2\/users\/2"}],"replies":[{"embeddable":true,"href":"https:\/\/aconteceemmacaeeregiao.com.br\/index.php\/wp-json\/wp\/v2\/comments?post=9955"}],"version-history":[{"count":0,"href":"https:\/\/aconteceemmacaeeregiao.com.br\/index.php\/wp-json\/wp\/v2\/posts\/9955\/revisions"}],"wp:featuredmedia":[{"embeddable":true,"href":"https:\/\/aconteceemmacaeeregiao.com.br\/index.php\/wp-json\/wp\/v2\/media\/9957"}],"wp:attachment":[{"href":"https:\/\/aconteceemmacaeeregiao.com.br\/index.php\/wp-json\/wp\/v2\/media?parent=9955"}],"wp:term":[{"taxonomy":"category","embeddable":true,"href":"https:\/\/aconteceemmacaeeregiao.com.br\/index.php\/wp-json\/wp\/v2\/categories?post=9955"},{"taxonomy":"post_tag","embeddable":true,"href":"https:\/\/aconteceemmacaeeregiao.com.br\/index.php\/wp-json\/wp\/v2\/tags?post=9955"}],"curies":[{"name":"wp","href":"https:\/\/api.w.org\/{rel}","templated":true}]}}