{"id":9959,"date":"2023-05-24T22:19:46","date_gmt":"2023-05-25T01:19:46","guid":{"rendered":"https:\/\/aconteceemmacaeeregiao.com.br\/?p=9959"},"modified":"2023-05-24T22:19:47","modified_gmt":"2023-05-25T01:19:47","slug":"shopping-park-lagos-promove-exposicao-de-carros-antigos-classicos-e-rebaixados","status":"publish","type":"post","link":"https:\/\/aconteceemmacaeeregiao.com.br\/index.php\/2023\/05\/24\/shopping-park-lagos-promove-exposicao-de-carros-antigos-classicos-e-rebaixados\/","title":{"rendered":"Shopping Park Lagos promove Exposi\u00e7\u00e3o de Carros Antigos, <strong>Cl\u00e1ssicos e Rebaixados<\/strong>"},"content":{"rendered":"\n<p><strong><em>Evento acontece neste domingo (28\/05), das 10h \u00e0s 17h<\/em><\/strong><\/p>\n\n\n\n<p>A exposi\u00e7\u00e3o automotiva &#8220;Grudados no Asfalto&#8221; promete movimentar o Shopping Park Lagos, em Cabo Frio, neste domingo, dia 28 de maio. A mostra re\u00fane cerca de 400 carros antigos, cl\u00e1ssicos e rebaixados, para deleite dos f\u00e3s de raridades, modernidades e velocidade.<\/p>\n\n\n\n<p>O evento acontece no estacionamento (em frente ao Supermarket), das 10h \u00e0s 17h, com entrada franca.<\/p>\n\n\n\n<p><strong><u>Exposi\u00e7\u00e3o automotiva &#8220;Grudados no Asfalto&#8221;<\/u><\/strong><\/p>\n\n\n\n<p><strong>Data:&nbsp;<\/strong>28 de maio &#8211; domingo<\/p>\n\n\n\n<p><strong>Hora:&nbsp;<\/strong>das 10h \u00e0s 17h<\/p>\n\n\n\n<p><strong>Local:&nbsp;<\/strong>Estacionamento (em frente ao Supermarket)<\/p>\n\n\n<div class=\"wp-block-image\">\n<figure class=\"aligncenter size-full\"><img fetchpriority=\"high\" decoding=\"async\" width=\"1024\" height=\"683\" src=\"https:\/\/aconteceemmacaeeregiao.com.br\/wp-content\/uploads\/2023\/05\/Exposicao-Carros-Antigos-Divulgacao-Park-Lagos-2.jpeg\" alt=\"\" class=\"wp-image-9966\" srcset=\"https:\/\/aconteceemmacaeeregiao.com.br\/wp-content\/uploads\/2023\/05\/Exposicao-Carros-Antigos-Divulgacao-Park-Lagos-2.jpeg 1024w, https:\/\/aconteceemmacaeeregiao.com.br\/wp-content\/uploads\/2023\/05\/Exposicao-Carros-Antigos-Divulgacao-Park-Lagos-2-300x200.jpeg 300w, https:\/\/aconteceemmacaeeregiao.com.br\/wp-content\/uploads\/2023\/05\/Exposicao-Carros-Antigos-Divulgacao-Park-Lagos-2-768x512.jpeg 768w\" sizes=\"(max-width: 1024px) 100vw, 1024px\" \/><\/figure>\n<\/div>\n\n<div class=\"wp-block-image\">\n<figure class=\"aligncenter size-full\"><img decoding=\"async\" width=\"1024\" height=\"683\" data-src=\"https:\/\/aconteceemmacaeeregiao.com.br\/wp-content\/uploads\/2023\/05\/Exposicao-Carros-Antigos-Divulgacao-Park-Lagos-3.jpeg\" alt=\"\" class=\"wp-image-9964 lazyload\" data-srcset=\"https:\/\/aconteceemmacaeeregiao.com.br\/wp-content\/uploads\/2023\/05\/Exposicao-Carros-Antigos-Divulgacao-Park-Lagos-3.jpeg 1024w, https:\/\/aconteceemmacaeeregiao.com.br\/wp-content\/uploads\/2023\/05\/Exposicao-Carros-Antigos-Divulgacao-Park-Lagos-3-300x200.jpeg 300w, https:\/\/aconteceemmacaeeregiao.com.br\/wp-content\/uploads\/2023\/05\/Exposicao-Carros-Antigos-Divulgacao-Park-Lagos-3-768x512.jpeg 768w\" data-sizes=\"(max-width: 1024px) 100vw, 1024px\" src=\"data:image\/svg+xml;base64,PHN2ZyB3aWR0aD0iMSIgaGVpZ2h0PSIxIiB4bWxucz0iaHR0cDovL3d3dy53My5vcmcvMjAwMC9zdmciPjwvc3ZnPg==\" style=\"--smush-placeholder-width: 1024px; --smush-placeholder-aspect-ratio: 1024\/683;\" \/><\/figure>\n<\/div>","protected":false},"excerpt":{"rendered":"<p>Evento acontece neste domingo (28\/05), das 10h \u00e0s 17h A exposi\u00e7\u00e3o automotiva &#8220;Grudados no Asfalto&#8221; promete movimentar o Shopping Park Lagos, em Cabo Frio, neste domingo, dia 28 de maio. A mostra re\u00fane cerca de 400 carros antigos, cl\u00e1ssicos e rebaixados, para deleite dos f\u00e3s de raridades, modernidades e velocidade. O evento acontece no estacionamento [&hellip;]<\/p>\n","protected":false},"author":2,"featured_media":9965,"comment_status":"closed","ping_status":"closed","sticky":false,"template":"","format":"standard","meta":{"postBodyCss":"","postBodyMargin":[],"postBodyPadding":[],"postBodyBackground":{"backgroundType":"classic","gradient":""},"footnotes":""},"categories":[155,200,43],"tags":[185,289],"class_list":["post-9959","post","type-post","status-publish","format-standard","has-post-thumbnail","hentry","category-cabo-frio","category-evento","category-regiao","tag-exposicao","tag-shopping-park-lagos"],"aioseo_notices":[],"_links":{"self":[{"href":"https:\/\/aconteceemmacaeeregiao.com.br\/index.php\/wp-json\/wp\/v2\/posts\/9959","targetHints":{"allow":["GET"]}}],"collection":[{"href":"https:\/\/aconteceemmacaeeregiao.com.br\/index.php\/wp-json\/wp\/v2\/posts"}],"about":[{"href":"https:\/\/aconteceemmacaeeregiao.com.br\/index.php\/wp-json\/wp\/v2\/types\/post"}],"author":[{"embeddable":true,"href":"https:\/\/aconteceemmacaeeregiao.com.br\/index.php\/wp-json\/wp\/v2\/users\/2"}],"replies":[{"embeddable":true,"href":"https:\/\/aconteceemmacaeeregiao.com.br\/index.php\/wp-json\/wp\/v2\/comments?post=9959"}],"version-history":[{"count":0,"href":"https:\/\/aconteceemmacaeeregiao.com.br\/index.php\/wp-json\/wp\/v2\/posts\/9959\/revisions"}],"wp:featuredmedia":[{"embeddable":true,"href":"https:\/\/aconteceemmacaeeregiao.com.br\/index.php\/wp-json\/wp\/v2\/media\/9965"}],"wp:attachment":[{"href":"https:\/\/aconteceemmacaeeregiao.com.br\/index.php\/wp-json\/wp\/v2\/media?parent=9959"}],"wp:term":[{"taxonomy":"category","embeddable":true,"href":"https:\/\/aconteceemmacaeeregiao.com.br\/index.php\/wp-json\/wp\/v2\/categories?post=9959"},{"taxonomy":"post_tag","embeddable":true,"href":"https:\/\/aconteceemmacaeeregiao.com.br\/index.php\/wp-json\/wp\/v2\/tags?post=9959"}],"curies":[{"name":"wp","href":"https:\/\/api.w.org\/{rel}","templated":true}]}}