{"id":9968,"date":"2023-05-24T22:25:39","date_gmt":"2023-05-25T01:25:39","guid":{"rendered":"https:\/\/aconteceemmacaeeregiao.com.br\/?p=9968"},"modified":"2023-05-24T22:25:40","modified_gmt":"2023-05-25T01:25:40","slug":"camara-de-macae-aprova-reajuste-de-6-para-os-servidores-municipais","status":"publish","type":"post","link":"https:\/\/aconteceemmacaeeregiao.com.br\/index.php\/2023\/05\/24\/camara-de-macae-aprova-reajuste-de-6-para-os-servidores-municipais\/","title":{"rendered":"C\u00e2mara de Maca\u00e9 aprova reajuste de 6% para os servidores municipais"},"content":{"rendered":"\n<p>Os vereadores aprovaram, por unanimidade, o Projeto de Lei do Executivo (PL 20\/2023) que estabeleceu em 6% a revis\u00e3o salarial dos servidores da Prefeitura de Maca\u00e9, com data retroativa ao dia 1\u00ba de maio. O PL tamb\u00e9m fixou o sal\u00e1rio m\u00ednimo na administra\u00e7\u00e3o p\u00fablica em R$ 1.400,20. A vota\u00e7\u00e3o aconteceu nesta quarta-feira (24), sob protesto do Sindicato dos Servidores Municipais de Maca\u00e9 (Sindservi) e trabalhadores, que ocuparam o plen\u00e1rio da C\u00e2mara.<\/p>\n\n\n\n<p>Na sequ\u00eancia, foi aprovado o PL 21\/2023, tamb\u00e9m do Executivo, que instituiu 10% de revis\u00e3o no aux\u00edlio alimenta\u00e7\u00e3o, alterado de R$ 500 para R$ 550. O aux\u00edlio refei\u00e7\u00e3o foi submetido ao mesmo \u00edndice e passar\u00e1 para R$ 330, mas s\u00f3 fazem jus ao benef\u00edcio os que recebem at\u00e9 R$ 2.700 de sal\u00e1rio.<\/p>\n\n\n\n<p>Ainda est\u00e1 incluso no PL 21\/2023 o pagamento de um abono extraordin\u00e1rio, em cota \u00fanica, no valor de R$ 2 mil. Inicialmente previsto para ser concedido em dezembro deste ano, os vereadores aprovaram uma emenda antecipando o pagamento para julho de 2023.<\/p>\n\n\n\n<p>O presidente Cesinha (Solidariedade) concedeu revis\u00e3o salarial nos mesmos moldes do prefeito Welberth Rezende (Cidadania): 6% de aumento nos vencimentos b\u00e1sicos e 10% nos aux\u00edlios alimenta\u00e7\u00e3o e refei\u00e7\u00e3o para os colaboradores do Legislativo. Os PLs 51\/2023 e 52\/2023, ambos da Mesa Diretora, foram igualmente aprovados sem debate e por unanimidade dos parlamentares.<\/p>\n\n\n\n<p>Al\u00e9m dos servidores da administra\u00e7\u00e3o direta e indireta, ter\u00e3o seus vencimentos reajustado em 6% os inativos, pensionistas, comissionados, tempor\u00e1rios e os agentes pol\u00edticos.<\/p>\n\n\n\n<p><em>Por Jornalista Adriana Corr\u00eaa Porto\/ Secom C\u00e2mara de Maca\u00e9<\/em><\/p>\n\n\n\n<p><a href=\"https:\/\/cmmacae.rj.gov.br\/2023\/05\/24\/\"><\/a><\/p>\n","protected":false},"excerpt":{"rendered":"<p>Os vereadores aprovaram, por unanimidade, o Projeto de Lei do Executivo (PL 20\/2023) que estabeleceu em 6% a revis\u00e3o salarial dos servidores da Prefeitura de Maca\u00e9, com data retroativa ao dia 1\u00ba de maio. O PL tamb\u00e9m fixou o sal\u00e1rio m\u00ednimo na administra\u00e7\u00e3o p\u00fablica em R$ 1.400,20. A vota\u00e7\u00e3o aconteceu nesta quarta-feira (24), sob protesto [&hellip;]<\/p>\n","protected":false},"author":2,"featured_media":9970,"comment_status":"closed","ping_status":"closed","sticky":false,"template":"","format":"standard","meta":{"postBodyCss":"","postBodyMargin":[],"postBodyPadding":[],"postBodyBackground":{"backgroundType":"classic","gradient":""},"footnotes":""},"categories":[42,44],"tags":[94,278,544],"class_list":["post-9968","post","type-post","status-publish","format-standard","has-post-thumbnail","hentry","category-macae","category-politica","tag-camara-municipal-de-macae","tag-salarios","tag-servidores"],"aioseo_notices":[],"_links":{"self":[{"href":"https:\/\/aconteceemmacaeeregiao.com.br\/index.php\/wp-json\/wp\/v2\/posts\/9968","targetHints":{"allow":["GET"]}}],"collection":[{"href":"https:\/\/aconteceemmacaeeregiao.com.br\/index.php\/wp-json\/wp\/v2\/posts"}],"about":[{"href":"https:\/\/aconteceemmacaeeregiao.com.br\/index.php\/wp-json\/wp\/v2\/types\/post"}],"author":[{"embeddable":true,"href":"https:\/\/aconteceemmacaeeregiao.com.br\/index.php\/wp-json\/wp\/v2\/users\/2"}],"replies":[{"embeddable":true,"href":"https:\/\/aconteceemmacaeeregiao.com.br\/index.php\/wp-json\/wp\/v2\/comments?post=9968"}],"version-history":[{"count":0,"href":"https:\/\/aconteceemmacaeeregiao.com.br\/index.php\/wp-json\/wp\/v2\/posts\/9968\/revisions"}],"wp:featuredmedia":[{"embeddable":true,"href":"https:\/\/aconteceemmacaeeregiao.com.br\/index.php\/wp-json\/wp\/v2\/media\/9970"}],"wp:attachment":[{"href":"https:\/\/aconteceemmacaeeregiao.com.br\/index.php\/wp-json\/wp\/v2\/media?parent=9968"}],"wp:term":[{"taxonomy":"category","embeddable":true,"href":"https:\/\/aconteceemmacaeeregiao.com.br\/index.php\/wp-json\/wp\/v2\/categories?post=9968"},{"taxonomy":"post_tag","embeddable":true,"href":"https:\/\/aconteceemmacaeeregiao.com.br\/index.php\/wp-json\/wp\/v2\/tags?post=9968"}],"curies":[{"name":"wp","href":"https:\/\/api.w.org\/{rel}","templated":true}]}}